{"id":15272,"date":"2023-03-28T15:56:38","date_gmt":"2023-03-28T18:56:38","guid":{"rendered":"http:\/\/dgospel.com.br\/portal\/?p=15272"},"modified":"2023-03-28T15:56:39","modified_gmt":"2023-03-28T18:56:39","slug":"lira-confirma-instalacao-de-cpi-para-investigar-invasoes-do-mst","status":"publish","type":"post","link":"https:\/\/dgospel.com.br\/portal\/index.php\/2023\/03\/28\/lira-confirma-instalacao-de-cpi-para-investigar-invasoes-do-mst\/","title":{"rendered":"Lira confirma instala\u00e7\u00e3o de CPI para investigar invas\u00f5es do MST"},"content":{"rendered":"\n<p>Em reuni\u00e3o com o l\u00edder da Frente Parlamentar Agropecu\u00e1ria, deputado federal Pedro Lupion, o presidente da C\u00e2mara dos Deputados, Arthur Lira, confirmou a instala\u00e7\u00e3o da Comiss\u00e3o Parlamentar de Inqu\u00e9rito para investigar as invas\u00f5es promovidas pelo Movimento dos Trabalhadores Rurais Sem Terra (MST). A decis\u00e3o foi tomada recentemente em encontro com a Frente Parlamentar.<\/p>\n\n\n\n<p><a href=\"https:\/\/www.assembleia.pr.leg.br\/\" target=\"_blank\" rel=\"noreferrer noopener\"><\/a><\/p>\n\n\n\n<p>Embora n\u00e3o tenha sido estabelecido um cronograma para o in\u00edcio dos trabalhos legislativos, Lira sinalizou que avan\u00e7ar\u00e1 na agenda ap\u00f3s resolver o impasse das medidas provis\u00f3rias. O requerimento para a instala\u00e7\u00e3o da CPI do MST foi apresentado pelo deputado Coronel Zucco, do Republicanos-RS.<\/p>\n\n\n\n<p>Nas \u00faltimas semanas, as ocupa\u00e7\u00f5es do MST t\u00eam mobilizado o setor agropecu\u00e1rio, com produtores se unindo contra as a\u00e7\u00f5es do grupo criminoso. A instaura\u00e7\u00e3o da CPI \u00e9 vista como uma medida importante para investigar as invas\u00f5es e garantir a seguran\u00e7a dos trabalhadores rurais e suas propriedades.<\/p>\n","protected":false},"excerpt":{"rendered":"<p>Em reuni\u00e3o com o l\u00edder da Frente Parlamentar Agropecu\u00e1ria, deputado federal Pedro Lupion, o presidente da C\u00e2mara dos Deputados, Arthur Lira, confirmou a instala\u00e7\u00e3o da Comiss\u00e3o Parlamentar de Inqu\u00e9rito para investigar as invas\u00f5es promovidas pelo Movimento dos Trabalhadores Rurais Sem Terra (MST). A decis\u00e3o foi tomada recentemente em encontro com a Frente Parlamentar. Embora n\u00e3o [&hellip;]<\/p>\n","protected":false},"author":2,"featured_media":15273,"comment_status":"open","ping_status":"open","sticky":false,"template":"","format":"standard","meta":[],"categories":[8],"tags":[13],"_links":{"self":[{"href":"https:\/\/dgospel.com.br\/portal\/index.php\/wp-json\/wp\/v2\/posts\/15272"}],"collection":[{"href":"https:\/\/dgospel.com.br\/portal\/index.php\/wp-json\/wp\/v2\/posts"}],"about":[{"href":"https:\/\/dgospel.com.br\/portal\/index.php\/wp-json\/wp\/v2\/types\/post"}],"author":[{"embeddable":true,"href":"https:\/\/dgospel.com.br\/portal\/index.php\/wp-json\/wp\/v2\/users\/2"}],"replies":[{"embeddable":true,"href":"https:\/\/dgospel.com.br\/portal\/index.php\/wp-json\/wp\/v2\/comments?post=15272"}],"version-history":[{"count":1,"href":"https:\/\/dgospel.com.br\/portal\/index.php\/wp-json\/wp\/v2\/posts\/15272\/revisions"}],"predecessor-version":[{"id":15274,"href":"https:\/\/dgospel.com.br\/portal\/index.php\/wp-json\/wp\/v2\/posts\/15272\/revisions\/15274"}],"wp:featuredmedia":[{"embeddable":true,"href":"https:\/\/dgospel.com.br\/portal\/index.php\/wp-json\/wp\/v2\/media\/15273"}],"wp:attachment":[{"href":"https:\/\/dgospel.com.br\/portal\/index.php\/wp-json\/wp\/v2\/media?parent=15272"}],"wp:term":[{"taxonomy":"category","embeddable":true,"href":"https:\/\/dgospel.com.br\/portal\/index.php\/wp-json\/wp\/v2\/categories?post=15272"},{"taxonomy":"post_tag","embeddable":true,"href":"https:\/\/dgospel.com.br\/portal\/index.php\/wp-json\/wp\/v2\/tags?post=15272"}],"curies":[{"name":"wp","href":"https:\/\/api.w.org\/{rel}","templated":true}]}}