{"id":15275,"date":"2023-03-28T16:02:29","date_gmt":"2023-03-28T19:02:29","guid":{"rendered":"http:\/\/dgospel.com.br\/portal\/?p=15275"},"modified":"2023-03-28T16:02:30","modified_gmt":"2023-03-28T19:02:30","slug":"presidente-da-apex-critica-agronegocio-brasileiro-na-china","status":"publish","type":"post","link":"https:\/\/dgospel.com.br\/portal\/index.php\/2023\/03\/28\/presidente-da-apex-critica-agronegocio-brasileiro-na-china\/","title":{"rendered":"Presidente da Apex critica agroneg\u00f3cio brasileiro na China"},"content":{"rendered":"\n<p>Durante evento em Pequim, na China, o presidente da&nbsp;<a href=\"https:\/\/apexbrasil.com.br\/\" target=\"_blank\" rel=\"noreferrer noopener\"><strong>Ag\u00eancia Brasileira de Promo\u00e7\u00e3o de Exporta\u00e7\u00f5es e Investimentos (Apex)<\/strong><\/a>, Jorge Viana, relacionou problemas ambientais com a produ\u00e7\u00e3o de gr\u00e3os e \u00e0 pecu\u00e1ria no Brasil.<\/p>\n\n\n\n<p>As declara\u00e7\u00f5es do petista contrastaram com o otimismo do ministro da Agricultura, Carlos F\u00e1varo, na v\u00e9spera. A fala de Viana aconteceu em meio a uma programa\u00e7\u00e3o brasileira na China, que busca aumentar as exporta\u00e7\u00f5es do agroneg\u00f3cio para o pa\u00eds asi\u00e1tico.<\/p>\n\n\n\n<p>Representantes de grandes empresas do agro nacional e executivos chineses, principais compradores da produ\u00e7\u00e3o brasileira, estavam presentes.<\/p>\n\n\n\n<blockquote class=\"wp-block-quote\"><p>Viana, amigo pessoal do presidente Lula, afirmou que \u201c\u00e9 preciso reconhecer que o Brasil tem problemas ambientais.\u201d Ele tamb\u00e9m usou n\u00fameros para impor uma rela\u00e7\u00e3o entre o agroneg\u00f3cio brasileiro e a destrui\u00e7\u00e3o da Floresta Amaz\u00f4nica.<\/p><\/blockquote>\n\n\n\n<p>As cr\u00edticas de Viana causaram estranheza, j\u00e1 que o evento tinha como um dos objetivos alavancar as exporta\u00e7\u00f5es do agroneg\u00f3cio brasileiro para a China. O presidente da Apex ressaltou a necessidade de o pa\u00eds reconhecer seus problemas ambientais e parar de dizer no exterior que n\u00e3o os tem.<\/p>\n\n\n\n<p>As declara\u00e7\u00f5es foram feitas em um evento que contou com a presen\u00e7a de autoridades brasileiras e chinesas e de representantes de grandes empresas dos dois pa\u00edses.<\/p>\n\n\n\n<h2><strong>Fal\u00e1cia ambientalista<\/strong><\/h2>\n\n\n\n<p>Jorge Viana n\u00e3o utilizou, entretanto, os dados do Instituto de Pesquisas Econ\u00f4micas Aplicadas (Ipea). Dados de 2022 mostram que o&nbsp;<strong><a href=\"https:\/\/revistaoeste.com\/agronegocio\/agronegocio-brasil-e-lider-em-producao-sustentavel-afirma-ipea\/\">Brasil \u00e9 l\u00edder em produ\u00e7\u00e3o sustent\u00e1vel entre os grandes pa\u00edses agroexportadores.<\/a><\/strong><\/p>\n\n\n\n<p>De acordo com o levantamento, o Brasil est\u00e1 no centro da produ\u00e7\u00e3o agropecu\u00e1ria sustent\u00e1vel em todo o planeta. De acordo com o Ipea, o pa\u00eds tem muito a contribuir para a oferta global de alimentos e energia, diante da preocupa\u00e7\u00e3o internacional com a agroinfla\u00e7\u00e3o, a seguran\u00e7a alimentar, os efeitos da pandemia de covid-19 e a crise gerada pela guerra entre R\u00fassia e Ucr\u00e2nia no mercado mundial.<\/p>\n\n\n\n<p>Al\u00e9m disso, de acordo com dados da Embrapa, da Nasa e do Mapbiomas, as terras destinadas para a agricultura<strong><a href=\"https:\/\/revistaoeste.com\/agronegocio\/agro-brasil-produz-muito-e-preserva-ainda-mais\/\">&nbsp;representam cerca de 8% de todas as \u00e1reas do pa\u00eds<\/a><\/strong>.<\/p>\n","protected":false},"excerpt":{"rendered":"<p>Durante evento em Pequim, na China, o presidente da&nbsp;Ag\u00eancia Brasileira de Promo\u00e7\u00e3o de Exporta\u00e7\u00f5es e Investimentos (Apex), Jorge Viana, relacionou problemas ambientais com a produ\u00e7\u00e3o de gr\u00e3os e \u00e0 pecu\u00e1ria no Brasil. As declara\u00e7\u00f5es do petista contrastaram com o otimismo do ministro da Agricultura, Carlos F\u00e1varo, na v\u00e9spera. A fala de Viana aconteceu em meio [&hellip;]<\/p>\n","protected":false},"author":2,"featured_media":15276,"comment_status":"open","ping_status":"open","sticky":false,"template":"","format":"standard","meta":[],"categories":[4],"tags":[],"_links":{"self":[{"href":"https:\/\/dgospel.com.br\/portal\/index.php\/wp-json\/wp\/v2\/posts\/15275"}],"collection":[{"href":"https:\/\/dgospel.com.br\/portal\/index.php\/wp-json\/wp\/v2\/posts"}],"about":[{"href":"https:\/\/dgospel.com.br\/portal\/index.php\/wp-json\/wp\/v2\/types\/post"}],"author":[{"embeddable":true,"href":"https:\/\/dgospel.com.br\/portal\/index.php\/wp-json\/wp\/v2\/users\/2"}],"replies":[{"embeddable":true,"href":"https:\/\/dgospel.com.br\/portal\/index.php\/wp-json\/wp\/v2\/comments?post=15275"}],"version-history":[{"count":1,"href":"https:\/\/dgospel.com.br\/portal\/index.php\/wp-json\/wp\/v2\/posts\/15275\/revisions"}],"predecessor-version":[{"id":15277,"href":"https:\/\/dgospel.com.br\/portal\/index.php\/wp-json\/wp\/v2\/posts\/15275\/revisions\/15277"}],"wp:featuredmedia":[{"embeddable":true,"href":"https:\/\/dgospel.com.br\/portal\/index.php\/wp-json\/wp\/v2\/media\/15276"}],"wp:attachment":[{"href":"https:\/\/dgospel.com.br\/portal\/index.php\/wp-json\/wp\/v2\/media?parent=15275"}],"wp:term":[{"taxonomy":"category","embeddable":true,"href":"https:\/\/dgospel.com.br\/portal\/index.php\/wp-json\/wp\/v2\/categories?post=15275"},{"taxonomy":"post_tag","embeddable":true,"href":"https:\/\/dgospel.com.br\/portal\/index.php\/wp-json\/wp\/v2\/tags?post=15275"}],"curies":[{"name":"wp","href":"https:\/\/api.w.org\/{rel}","templated":true}]}}