{"id":15281,"date":"2023-03-29T21:38:15","date_gmt":"2023-03-30T00:38:15","guid":{"rendered":"http:\/\/dgospel.com.br\/portal\/?p=15281"},"modified":"2023-03-29T21:38:17","modified_gmt":"2023-03-30T00:38:17","slug":"flavio-dino-foi-avisado-pela-pf-sobre-atos-comprova-kataguiri","status":"publish","type":"post","link":"https:\/\/dgospel.com.br\/portal\/index.php\/2023\/03\/29\/flavio-dino-foi-avisado-pela-pf-sobre-atos-comprova-kataguiri\/","title":{"rendered":"Fl\u00e1vio Dino foi avisado pela PF sobre atos, comprova Kataguiri"},"content":{"rendered":"\n<p>O deputado federal Kim Kataguiri (Uni\u00e3o Brasil-SP) denunciou, nesta quarta-feira (29), que o ministro da Justi\u00e7a e Seguran\u00e7a P\u00fablica, Fl\u00e1vio Dino, foi avisado da imin\u00eancia do risco pela Pol\u00edcia Federal (PF) na v\u00e9spera dos atos radicais que depredaram pr\u00e9dios dos Tr\u00eas Poderes, no Distrito Federal, em 8 de janeiro. O parlamentar apresentou um documento comprobat\u00f3rio da ci\u00eancia de Dino sobre os atos, assinado pelo delegado Andrei Augusto Passos de Rodrigues, diretor-geral da PF, e encaminhado ao ministro.<\/p>\n\n\n\n<p>Fl\u00e1vio Dino disse nesta ter\u00e7a-feira (28), durante sess\u00e3o na Comiss\u00e3o de Constitui\u00e7\u00e3o de Justi\u00e7a (CCJ) da C\u00e2mara, que n\u00e3o foi avisado sobre os atos.<\/p>\n\n\n\n<p>O diretor-geral da PF alertou ao ministro sobre a imin\u00eancia de \u201ca\u00e7\u00f5es hostis e danos\u201d contra os pr\u00e9dios dos minist\u00e9rios, do Congresso Nacional, do Pal\u00e1cio do Planalto, do Supremo Tribunal Federal (STF) e estruturas p\u00fablicas no entorno.<\/p>\n\n\n\n<p>\u2013 H\u00e1 informa\u00e7\u00f5es, inclusive, de indiv\u00edduos armados fazendo a \u201cseguran\u00e7a\u201d dos manifestantes, bem como in\u00fameros indiv\u00edduos dispostos a enfrentar as For\u00e7as de Seguran\u00e7a. (\u2026) Eles tentam, como v\u00eam dizendo em redes sociais e aplicativos de mensagens, \u201ctomar o poder\u201d nesta capital federal \u2013 informou Rodrigues.<\/p>\n\n\n\n<p>A PF tamb\u00e9m solicitou que o ministro vedasse a circula\u00e7\u00e3o de ve\u00edculos a fim de \u201cevitar maiores incidentes e atos de vandalismo\u201d.<\/p>\n\n\n\n<p>\u2013 Sugerimos que os grupos de pessoas com o prop\u00f3sito de atentar contra o patrim\u00f4nio p\u00fablico ou privado, bem como \u00e0 democracia brasileira, tamb\u00e9m sejam impedidos de circular nesta capital \u2013 finalizou o delegado.<\/p>\n\n\n\n<p><strong>DINO INFORMOU IBANEIS<\/strong><br>Aproximadamente duas horas ap\u00f3s receber o alerta da PF, Fl\u00e1vio Dino oficiou ao governador do Distrito Federal, Ibaneis Rocha, solicitando apenas o bloqueio da circula\u00e7\u00e3o de \u00f4nibus de turismo \u201cnos per\u00edmetros entre a Torre de TV e a Pra\u00e7a dos Tr\u00eas Poderes\u201d. Por esta raz\u00e3o \u00e9 que o parlamentar Kim Kataguiri antecipou que denunciar\u00e1 o ministro por crime de responsabilidade.<\/p>\n\n\n\n<figure class=\"wp-block-embed is-type-video is-provider-youtube wp-block-embed-youtube wp-embed-aspect-16-9 wp-has-aspect-ratio\"><div class=\"wp-block-embed__wrapper\">\n<iframe loading=\"lazy\" title=\"COMPROVADO: MENTIRA e OMISS\u00c3O CRIMINOSA de FLAVIO DINO!\" width=\"630\" height=\"354\" src=\"https:\/\/www.youtube.com\/embed\/9jOeA9Qb6cg?feature=oembed\" frameborder=\"0\" allow=\"accelerometer; autoplay; clipboard-write; encrypted-media; gyroscope; picture-in-picture; web-share\" allowfullscreen><\/iframe>\n<\/div><\/figure>\n","protected":false},"excerpt":{"rendered":"<p>O deputado federal Kim Kataguiri (Uni\u00e3o Brasil-SP) denunciou, nesta quarta-feira (29), que o ministro da Justi\u00e7a e Seguran\u00e7a P\u00fablica, Fl\u00e1vio Dino, foi avisado da imin\u00eancia do risco pela Pol\u00edcia Federal (PF) na v\u00e9spera dos atos radicais que depredaram pr\u00e9dios dos Tr\u00eas Poderes, no Distrito Federal, em 8 de janeiro. O parlamentar apresentou um documento comprobat\u00f3rio [&hellip;]<\/p>\n","protected":false},"author":2,"featured_media":15282,"comment_status":"open","ping_status":"open","sticky":false,"template":"","format":"standard","meta":[],"categories":[4],"tags":[],"_links":{"self":[{"href":"https:\/\/dgospel.com.br\/portal\/index.php\/wp-json\/wp\/v2\/posts\/15281"}],"collection":[{"href":"https:\/\/dgospel.com.br\/portal\/index.php\/wp-json\/wp\/v2\/posts"}],"about":[{"href":"https:\/\/dgospel.com.br\/portal\/index.php\/wp-json\/wp\/v2\/types\/post"}],"author":[{"embeddable":true,"href":"https:\/\/dgospel.com.br\/portal\/index.php\/wp-json\/wp\/v2\/users\/2"}],"replies":[{"embeddable":true,"href":"https:\/\/dgospel.com.br\/portal\/index.php\/wp-json\/wp\/v2\/comments?post=15281"}],"version-history":[{"count":1,"href":"https:\/\/dgospel.com.br\/portal\/index.php\/wp-json\/wp\/v2\/posts\/15281\/revisions"}],"predecessor-version":[{"id":15283,"href":"https:\/\/dgospel.com.br\/portal\/index.php\/wp-json\/wp\/v2\/posts\/15281\/revisions\/15283"}],"wp:featuredmedia":[{"embeddable":true,"href":"https:\/\/dgospel.com.br\/portal\/index.php\/wp-json\/wp\/v2\/media\/15282"}],"wp:attachment":[{"href":"https:\/\/dgospel.com.br\/portal\/index.php\/wp-json\/wp\/v2\/media?parent=15281"}],"wp:term":[{"taxonomy":"category","embeddable":true,"href":"https:\/\/dgospel.com.br\/portal\/index.php\/wp-json\/wp\/v2\/categories?post=15281"},{"taxonomy":"post_tag","embeddable":true,"href":"https:\/\/dgospel.com.br\/portal\/index.php\/wp-json\/wp\/v2\/tags?post=15281"}],"curies":[{"name":"wp","href":"https:\/\/api.w.org\/{rel}","templated":true}]}}