{"id":15284,"date":"2023-03-29T21:42:58","date_gmt":"2023-03-30T00:42:58","guid":{"rendered":"http:\/\/dgospel.com.br\/portal\/?p=15284"},"modified":"2023-03-29T23:02:59","modified_gmt":"2023-03-30T02:02:59","slug":"bancada-evangelica-visitam-presos-pelo-8-de-janeiro-e-oram-por-eles","status":"publish","type":"post","link":"https:\/\/dgospel.com.br\/portal\/index.php\/2023\/03\/29\/bancada-evangelica-visitam-presos-pelo-8-de-janeiro-e-oram-por-eles\/","title":{"rendered":"Deputados da Bancada Evang\u00e9lica visitam presos pelo 8 de janeiro e oram por eles"},"content":{"rendered":"\n<p>Quatro representantes da Frente Parlamentar Evang\u00e9lica (FPE) estiveram, nesta ter\u00e7a-feira (28), no Complexo Penitenci\u00e1rio da Papuda, em Bras\u00edlia, para visitar os presos pelos atos de 8 de janeiro. O objetivo da visita foi verificar a situa\u00e7\u00e3o dos detidos e levar uma palavra pastoral.<\/p>\n\n\n\n<p>Presidente da FPE, o deputado Eli Borges (PL-TO) falou sobre a visita em suas redes sociais, disse que eles iniciaram um processo pastoral e parlamentar para as centenas de presos que continuam privados de suas liberdades.<\/p>\n\n\n\n<p>\u2013 Viemos visitar centenas de pessoas que defenderam a liberdade \u2013 n\u00e3o defendemos aqueles que cometeram excessos, mas a imensa maioria dos que est\u00e3o na Papuda entenderam que dentro da nossa liberdade democr\u00e1tica poderiam clamar e defender os valores da brasilidade. E aqui, ladeado de bons lutadores do Evangelho, nesta visita importante, n\u00f3s levamos o conforto para aqueles que est\u00e3o no pres\u00eddio \u2013 disse Borges.<\/p>\n\n\n\n<p>Al\u00e9m dele, os deputados Pastor Diniz (Uni\u00e3o Brasil-RR), Fernando M\u00e1ximo (Uni\u00e3o Brasil-RO) e Marco Feliciano (PL-SP) tamb\u00e9m estiveram na visita e falaram sobre o que viram na Papuda, para onde os homens acusados de participar dos ataques aos pr\u00e9dios dos Tr\u00eas Poderes foram levados.<\/p>\n\n\n\n<p>Feliciano conversou com oito presos que est\u00e3o encarcerados desde janeiro, mas que n\u00e3o possuem acusa\u00e7\u00f5es.<\/p>\n\n\n\n<p>\u2013 S\u00e3o hist\u00f3rias que chegam a chocar a gente de tanta injusti\u00e7a. Senhor Alexandre de Moraes, acelere o processo. N\u00e3o sei quem est\u00e1 atrapalhando\u2026 Tem oito pessoas presas que n\u00e3o tem nem den\u00fancia contra elas. \u00c9 cruel! \u2013 apelou ao ministro o deputado Marco Feliciano.<\/p>\n\n\n\n<p><strong>ASSISTA<\/strong> NO LINK<\/p>\n\n\n\n<p><a href=\"https:\/\/www.instagram.com\/p\/CqWzBPKvIeV\/\">https:\/\/www.instagram.com\/p\/CqWzBPKvIeV\/<\/a><\/p>\n\n\n\n<p><a href=\"https:\/\/www.instagram.com\/p\/CqWxqXUsLLZ\/\">https:\/\/www.instagram.com\/p\/CqWxqXUsLLZ\/<\/a><\/p>\n","protected":false},"excerpt":{"rendered":"<p>Quatro representantes da Frente Parlamentar Evang\u00e9lica (FPE) estiveram, nesta ter\u00e7a-feira (28), no Complexo Penitenci\u00e1rio da Papuda, em Bras\u00edlia, para visitar os presos pelos atos de 8 de janeiro. O objetivo da visita foi verificar a situa\u00e7\u00e3o dos detidos e levar uma palavra pastoral. Presidente da FPE, o deputado Eli Borges (PL-TO) falou sobre a visita [&hellip;]<\/p>\n","protected":false},"author":2,"featured_media":15285,"comment_status":"open","ping_status":"open","sticky":false,"template":"","format":"standard","meta":[],"categories":[8],"tags":[13],"_links":{"self":[{"href":"https:\/\/dgospel.com.br\/portal\/index.php\/wp-json\/wp\/v2\/posts\/15284"}],"collection":[{"href":"https:\/\/dgospel.com.br\/portal\/index.php\/wp-json\/wp\/v2\/posts"}],"about":[{"href":"https:\/\/dgospel.com.br\/portal\/index.php\/wp-json\/wp\/v2\/types\/post"}],"author":[{"embeddable":true,"href":"https:\/\/dgospel.com.br\/portal\/index.php\/wp-json\/wp\/v2\/users\/2"}],"replies":[{"embeddable":true,"href":"https:\/\/dgospel.com.br\/portal\/index.php\/wp-json\/wp\/v2\/comments?post=15284"}],"version-history":[{"count":3,"href":"https:\/\/dgospel.com.br\/portal\/index.php\/wp-json\/wp\/v2\/posts\/15284\/revisions"}],"predecessor-version":[{"id":15295,"href":"https:\/\/dgospel.com.br\/portal\/index.php\/wp-json\/wp\/v2\/posts\/15284\/revisions\/15295"}],"wp:featuredmedia":[{"embeddable":true,"href":"https:\/\/dgospel.com.br\/portal\/index.php\/wp-json\/wp\/v2\/media\/15285"}],"wp:attachment":[{"href":"https:\/\/dgospel.com.br\/portal\/index.php\/wp-json\/wp\/v2\/media?parent=15284"}],"wp:term":[{"taxonomy":"category","embeddable":true,"href":"https:\/\/dgospel.com.br\/portal\/index.php\/wp-json\/wp\/v2\/categories?post=15284"},{"taxonomy":"post_tag","embeddable":true,"href":"https:\/\/dgospel.com.br\/portal\/index.php\/wp-json\/wp\/v2\/tags?post=15284"}],"curies":[{"name":"wp","href":"https:\/\/api.w.org\/{rel}","templated":true}]}}