{"id":15287,"date":"2023-03-29T22:39:39","date_gmt":"2023-03-30T01:39:39","guid":{"rendered":"http:\/\/dgospel.com.br\/portal\/?p=15287"},"modified":"2023-03-29T22:39:41","modified_gmt":"2023-03-30T01:39:41","slug":"com-lula-geracao-de-empregos-cai-no-brasil","status":"publish","type":"post","link":"https:\/\/dgospel.com.br\/portal\/index.php\/2023\/03\/29\/com-lula-geracao-de-empregos-cai-no-brasil\/","title":{"rendered":"Com Lula, gera\u00e7\u00e3o de empregos cai no Brasil"},"content":{"rendered":"\n<p>A gera\u00e7\u00e3o de empregos est\u00e1 em queda no Brasil. Os dados do Minist\u00e9rio do Trabalho mostram que fevereiro foi o segundo m\u00eas seguido com a redu\u00e7\u00e3o no saldo de novas vagas com carteira assinada no pa\u00eds. No primeiro bimestre de 2023, que marca o in\u00edcio do&nbsp;<strong><a href=\"https:\/\/revistaoeste.com\/tag\/governo-lula\/\" target=\"_blank\" rel=\"noreferrer noopener\">governo Lula<\/a><\/strong>, a quantidade caiu 38%, em compara\u00e7\u00e3o ao mesmo per\u00edodo do ano anterior.<\/p>\n\n\n\n<p>O n\u00famero \u00e9 medido pela diferen\u00e7a entre o volume de contrata\u00e7\u00f5es e demiss\u00f5es. No primeiro bi\u00eanio de 2023, o saldo da gera\u00e7\u00e3o de empregos no Brasil ficou em 326 mil novas vagas com carteira de trabalho assinada. Assim, s\u00e3o quase 200 mil postos a menos, em compara\u00e7\u00e3o com o resultado em igual intervalo do ano anterior: 520 mil.<\/p>\n\n\n\n<p>Para o \u00faltimo m\u00eas de fevereiro, o resultado fechou com queda de 32%. A gera\u00e7\u00e3o de vagas em janeiro foi ainda pior. O saldo ficou em pouco menos de 85 mil novos postos. Desse modo, a cria\u00e7\u00e3o l\u00edquida mal chegou \u00e0 metade do n\u00famero alcan\u00e7ado em igual intervalo em 2022.<\/p>\n\n\n\n<p>Em 2020 e 2021, os saldos fecharam em 329 mil e 650 mil, respectivamente. Ou seja: mesmo durante a pandemia por coronav\u00edrus, marcada pela incerteza das cadeias produtivas e a inseguran\u00e7a no meio empresarial, a gera\u00e7\u00e3o de empregos no Brasil atingiu marcas melhores para o primeiro bimestre do ano.<\/p>\n","protected":false},"excerpt":{"rendered":"<p>A gera\u00e7\u00e3o de empregos est\u00e1 em queda no Brasil. Os dados do Minist\u00e9rio do Trabalho mostram que fevereiro foi o segundo m\u00eas seguido com a redu\u00e7\u00e3o no saldo de novas vagas com carteira assinada no pa\u00eds. No primeiro bimestre de 2023, que marca o in\u00edcio do&nbsp;governo Lula, a quantidade caiu 38%, em compara\u00e7\u00e3o ao mesmo [&hellip;]<\/p>\n","protected":false},"author":2,"featured_media":15288,"comment_status":"open","ping_status":"open","sticky":false,"template":"","format":"standard","meta":[],"categories":[10],"tags":[],"_links":{"self":[{"href":"https:\/\/dgospel.com.br\/portal\/index.php\/wp-json\/wp\/v2\/posts\/15287"}],"collection":[{"href":"https:\/\/dgospel.com.br\/portal\/index.php\/wp-json\/wp\/v2\/posts"}],"about":[{"href":"https:\/\/dgospel.com.br\/portal\/index.php\/wp-json\/wp\/v2\/types\/post"}],"author":[{"embeddable":true,"href":"https:\/\/dgospel.com.br\/portal\/index.php\/wp-json\/wp\/v2\/users\/2"}],"replies":[{"embeddable":true,"href":"https:\/\/dgospel.com.br\/portal\/index.php\/wp-json\/wp\/v2\/comments?post=15287"}],"version-history":[{"count":1,"href":"https:\/\/dgospel.com.br\/portal\/index.php\/wp-json\/wp\/v2\/posts\/15287\/revisions"}],"predecessor-version":[{"id":15289,"href":"https:\/\/dgospel.com.br\/portal\/index.php\/wp-json\/wp\/v2\/posts\/15287\/revisions\/15289"}],"wp:featuredmedia":[{"embeddable":true,"href":"https:\/\/dgospel.com.br\/portal\/index.php\/wp-json\/wp\/v2\/media\/15288"}],"wp:attachment":[{"href":"https:\/\/dgospel.com.br\/portal\/index.php\/wp-json\/wp\/v2\/media?parent=15287"}],"wp:term":[{"taxonomy":"category","embeddable":true,"href":"https:\/\/dgospel.com.br\/portal\/index.php\/wp-json\/wp\/v2\/categories?post=15287"},{"taxonomy":"post_tag","embeddable":true,"href":"https:\/\/dgospel.com.br\/portal\/index.php\/wp-json\/wp\/v2\/tags?post=15287"}],"curies":[{"name":"wp","href":"https:\/\/api.w.org\/{rel}","templated":true}]}}