{"id":15296,"date":"2023-03-30T11:38:24","date_gmt":"2023-03-30T14:38:24","guid":{"rendered":"http:\/\/dgospel.com.br\/portal\/?p=15296"},"modified":"2023-03-30T11:38:26","modified_gmt":"2023-03-30T14:38:26","slug":"com-volta-de-bolsonaro-lula-desiste-de-despachar-no-planalto","status":"publish","type":"post","link":"https:\/\/dgospel.com.br\/portal\/index.php\/2023\/03\/30\/com-volta-de-bolsonaro-lula-desiste-de-despachar-no-planalto\/","title":{"rendered":"Com volta de Bolsonaro, Lula desiste de despachar no Planalto"},"content":{"rendered":"\n<p>O presidente Luiz In\u00e1cio Lula da Silva decidiu permanecer no&nbsp;<a href=\"https:\/\/www.gov.br\/planalto\/pt-br\/conheca-a-presidencia\/palacios-e-residencias\/palacio-da-alvorada\" target=\"_blank\" rel=\"noreferrer noopener\"><strong>Pal\u00e1cio da Alvorada<\/strong><\/a>, resid\u00eancia oficial da Presid\u00eancia da Rep\u00fablica, e vai despachar no local nesta quinta-feira, 30. Essa decis\u00e3o ocorre justamente no dia em que&nbsp;<a href=\"https:\/\/revistaoeste.com\/brasil\/bolsonaro-chega-ao-brasil\/\" target=\"_blank\" rel=\"noreferrer noopener\"><strong>o ex-presidente Jair Bolsonaro volta ao Brasil<\/strong><\/a>.<\/p>\n\n\n\n<p>Apesar de rumores sobre quest\u00f5es de seguran\u00e7a envolvendo a perman\u00eancia do petista no Alvorada, ministros e assessores de imprensa do presidente negam essa possibilidade, segundo o site&nbsp;<em>Metr\u00f3poles<\/em>. De acordo com um assessor presidencial, Lula optou por continuar na resid\u00eancia oficial por \u201cpraticidade\u201d.<\/p>\n\n\n\n<p>M\u00e9dicos que acompanham o presidente recomendaram que ele permanecesse no Alvorada pelo menos at\u00e9 a quarta-feira 29, mas a assessoria do governo havia anunciado que ele voltaria ao Planalto hoje. Contudo, Lula mudou de ideia e decidiu permanecer na resid\u00eancia oficial. Recentemente,&nbsp;<a href=\"https:\/\/revistaoeste.com\/politica\/lula-esta-com-pneumonia-e-adia-viagem-a-china\/\" target=\"_blank\" rel=\"noreferrer noopener\"><strong>o chefe do Executivo foi diagnosticado com uma pneumonia<\/strong><\/a>.<\/p>\n\n\n\n<p>Ao longo do dia, a agenda de Lula prev\u00ea ao menos cinco compromissos oficiais no Alvorada. O presidente vai ter reuni\u00f5es com ministros e vai apresentar o trof\u00e9u da Copa do Mundo de futebol feminino, da Fifa, deste ano.<\/p>\n\n\n\n<p>A expectativa \u00e9 que Lula s\u00f3 volte a despachar no Pal\u00e1cio do Planalto na pr\u00f3xima semana. O presidente teria recomendado aos assessores que evitem de fazer coment\u00e1rios sobre o retorno de Bolsonaro ao Brasil.<\/p>\n","protected":false},"excerpt":{"rendered":"<p>O presidente Luiz In\u00e1cio Lula da Silva decidiu permanecer no&nbsp;Pal\u00e1cio da Alvorada, resid\u00eancia oficial da Presid\u00eancia da Rep\u00fablica, e vai despachar no local nesta quinta-feira, 30. Essa decis\u00e3o ocorre justamente no dia em que&nbsp;o ex-presidente Jair Bolsonaro volta ao Brasil. Apesar de rumores sobre quest\u00f5es de seguran\u00e7a envolvendo a perman\u00eancia do petista no Alvorada, ministros [&hellip;]<\/p>\n","protected":false},"author":2,"featured_media":15297,"comment_status":"open","ping_status":"open","sticky":false,"template":"","format":"standard","meta":[],"categories":[4],"tags":[],"_links":{"self":[{"href":"https:\/\/dgospel.com.br\/portal\/index.php\/wp-json\/wp\/v2\/posts\/15296"}],"collection":[{"href":"https:\/\/dgospel.com.br\/portal\/index.php\/wp-json\/wp\/v2\/posts"}],"about":[{"href":"https:\/\/dgospel.com.br\/portal\/index.php\/wp-json\/wp\/v2\/types\/post"}],"author":[{"embeddable":true,"href":"https:\/\/dgospel.com.br\/portal\/index.php\/wp-json\/wp\/v2\/users\/2"}],"replies":[{"embeddable":true,"href":"https:\/\/dgospel.com.br\/portal\/index.php\/wp-json\/wp\/v2\/comments?post=15296"}],"version-history":[{"count":1,"href":"https:\/\/dgospel.com.br\/portal\/index.php\/wp-json\/wp\/v2\/posts\/15296\/revisions"}],"predecessor-version":[{"id":15298,"href":"https:\/\/dgospel.com.br\/portal\/index.php\/wp-json\/wp\/v2\/posts\/15296\/revisions\/15298"}],"wp:featuredmedia":[{"embeddable":true,"href":"https:\/\/dgospel.com.br\/portal\/index.php\/wp-json\/wp\/v2\/media\/15297"}],"wp:attachment":[{"href":"https:\/\/dgospel.com.br\/portal\/index.php\/wp-json\/wp\/v2\/media?parent=15296"}],"wp:term":[{"taxonomy":"category","embeddable":true,"href":"https:\/\/dgospel.com.br\/portal\/index.php\/wp-json\/wp\/v2\/categories?post=15296"},{"taxonomy":"post_tag","embeddable":true,"href":"https:\/\/dgospel.com.br\/portal\/index.php\/wp-json\/wp\/v2\/tags?post=15296"}],"curies":[{"name":"wp","href":"https:\/\/api.w.org\/{rel}","templated":true}]}}