{"id":15299,"date":"2023-03-30T11:47:56","date_gmt":"2023-03-30T14:47:56","guid":{"rendered":"http:\/\/dgospel.com.br\/portal\/?p=15299"},"modified":"2023-03-30T11:47:58","modified_gmt":"2023-03-30T14:47:58","slug":"bolsonaro-chega-ao-brasil","status":"publish","type":"post","link":"https:\/\/dgospel.com.br\/portal\/index.php\/2023\/03\/30\/bolsonaro-chega-ao-brasil\/","title":{"rendered":"Bolsonaro chega ao Brasil"},"content":{"rendered":"\n<p>O ex-presidente&nbsp;<a href=\"https:\/\/twitter.com\/jairbolsonaro\" target=\"_blank\" rel=\"noreferrer noopener\"><strong>Jair<\/strong><\/a>&nbsp;Bolsonaro desembarcou h\u00e1 pouco no aeroporto internacional de Bras\u00edlia.<\/p>\n\n\n\n<p>O voo saiu ontem \u00e0 noite de Orlando, nos Estados Unidos. \u201cEu fiquei quase tr\u00eas meses aqui, praticamente em sil\u00eancio, e tenho acompanhado tudo que acontece no Brasil\u201d, disse Bolsonaro antes do embarque \u00e0 CNN. \u201cVamos come\u00e7ar a nos organizar e se preparar para ajudar o pa\u00eds a vencer os desafios.\u201d<\/p>\n\n\n\n<p>O voo do ex-presidente chegou ao Brasil na manh\u00e3 desta quinta-feira, 30, pouco antes das 7h. Bolsonaro \u00e9 recepcionado por um grupo de pol\u00edticos, entre eles o presidente do Partido Liberal (PL), Valdemar Costa Neto, pelos l\u00edderes da legenda no Congresso e pelo ex-ministro Walter Braga Netto.<\/p>\n\n\n\n<p>O primeiro compromisso de Bolsonaro no pa\u00eds ser\u00e1 participar de uma recep\u00e7\u00e3o de boas-vindas na sede do partido, em Bras\u00edlia. O evento \u00e9 restrito a convidados e s\u00e3o esperados amigos, parlamentares e autoridades.<\/p>\n\n\n\n<p>O governo do Distrito Federal preparou um esquema de seguran\u00e7a para a recep\u00e7\u00e3o do ex-presidente, temendo haver tumulto nas imedia\u00e7\u00f5es do aeroporto. A Pra\u00e7a dos Tr\u00eas Poderes foi cercada com grades e um forte esquema policial foi planejado pela Secretaria de Seguran\u00e7a P\u00fablica.<\/p>\n\n\n\n<p><strong>Viagem aos Estados Unidos<\/strong><\/p>\n\n\n\n<p>Bolsonaro desembarcou na Fl\u00f3rida, nos Estados Unidos, em 30 de dezembro do ano passado. Com a viagem, o ent\u00e3o presidente n\u00e3o participou da cerim\u00f4nia de posse de Luiz In\u00e1cio Lula da Silva.<\/p>\n\n\n\n<p>A expectativa inicial era de que o ex-presidente ficasse no pa\u00eds at\u00e9 o final de janeiro, no entanto, Bolsonaro estendeu a estadia. Durante o per\u00edodo, ele participou de eventos e fez algumas palestras.<\/p>\n\n\n\n<p>Recentemente, em entrevista ao jornal The Wall Street Journal, ele afirmou que sua miss\u00e3o no retorno ao Brasil ser\u00e1 de liderar a direita. \u201cO movimento continuar\u00e1 vivo\u201d, disse em 14 de fevereiro. O ex-chefe do Executivo quer trabalhar principalmente com aliados no Congresso e com governadores. O objetivo, conforme Bolsonaro, \u00e9 o de defender os \u201cvalores familiares\u201d.<\/p>\n\n\n\n<p>Ainda ontem, nos EUA, o ex-presidente disse que ele e o partido v\u00e3o \u201cse preparar para as elei\u00e7\u00f5es do ano que vem\u201d e que ele \u201cpretende rodar pelo Brasil para conversar com os simpatizantes.\u201d<\/p>\n\n\n\n<p><a href=\"https:\/\/medias.revistaoeste.com\/media-prod\/wp-content\/uploads\/2023\/03\/video-bolsonaro-1.mp4?_=1\">https:\/\/medias.revistaoeste.com\/media-prod\/wp-content\/uploads\/2023\/03\/video-bolsonaro-1.mp4?_=1<\/a><\/p>\n","protected":false},"excerpt":{"rendered":"<p>O ex-presidente&nbsp;Jair&nbsp;Bolsonaro desembarcou h\u00e1 pouco no aeroporto internacional de Bras\u00edlia. O voo saiu ontem \u00e0 noite de Orlando, nos Estados Unidos. \u201cEu fiquei quase tr\u00eas meses aqui, praticamente em sil\u00eancio, e tenho acompanhado tudo que acontece no Brasil\u201d, disse Bolsonaro antes do embarque \u00e0 CNN. \u201cVamos come\u00e7ar a nos organizar e se preparar para ajudar [&hellip;]<\/p>\n","protected":false},"author":2,"featured_media":15300,"comment_status":"open","ping_status":"open","sticky":false,"template":"","format":"standard","meta":[],"categories":[4],"tags":[13],"_links":{"self":[{"href":"https:\/\/dgospel.com.br\/portal\/index.php\/wp-json\/wp\/v2\/posts\/15299"}],"collection":[{"href":"https:\/\/dgospel.com.br\/portal\/index.php\/wp-json\/wp\/v2\/posts"}],"about":[{"href":"https:\/\/dgospel.com.br\/portal\/index.php\/wp-json\/wp\/v2\/types\/post"}],"author":[{"embeddable":true,"href":"https:\/\/dgospel.com.br\/portal\/index.php\/wp-json\/wp\/v2\/users\/2"}],"replies":[{"embeddable":true,"href":"https:\/\/dgospel.com.br\/portal\/index.php\/wp-json\/wp\/v2\/comments?post=15299"}],"version-history":[{"count":1,"href":"https:\/\/dgospel.com.br\/portal\/index.php\/wp-json\/wp\/v2\/posts\/15299\/revisions"}],"predecessor-version":[{"id":15301,"href":"https:\/\/dgospel.com.br\/portal\/index.php\/wp-json\/wp\/v2\/posts\/15299\/revisions\/15301"}],"wp:featuredmedia":[{"embeddable":true,"href":"https:\/\/dgospel.com.br\/portal\/index.php\/wp-json\/wp\/v2\/media\/15300"}],"wp:attachment":[{"href":"https:\/\/dgospel.com.br\/portal\/index.php\/wp-json\/wp\/v2\/media?parent=15299"}],"wp:term":[{"taxonomy":"category","embeddable":true,"href":"https:\/\/dgospel.com.br\/portal\/index.php\/wp-json\/wp\/v2\/categories?post=15299"},{"taxonomy":"post_tag","embeddable":true,"href":"https:\/\/dgospel.com.br\/portal\/index.php\/wp-json\/wp\/v2\/tags?post=15299"}],"curies":[{"name":"wp","href":"https:\/\/api.w.org\/{rel}","templated":true}]}}