{"id":15302,"date":"2023-03-30T11:58:06","date_gmt":"2023-03-30T14:58:06","guid":{"rendered":"http:\/\/dgospel.com.br\/portal\/?p=15302"},"modified":"2023-03-30T11:58:08","modified_gmt":"2023-03-30T14:58:08","slug":"investigacao-contra-ministro-de-lula-pela-compra-de-respiradores-vai-ao-stf","status":"publish","type":"post","link":"https:\/\/dgospel.com.br\/portal\/index.php\/2023\/03\/30\/investigacao-contra-ministro-de-lula-pela-compra-de-respiradores-vai-ao-stf\/","title":{"rendered":"Investiga\u00e7\u00e3o contra Ministro de Lula pela compra de respiradores vai ao STF"},"content":{"rendered":"\n<p>Og Fernandes, ministro do Superior Tribunal de Justi\u00e7a (<strong><a href=\"https:\/\/www.stj.jus.br\/sites\/portalp\/Inicio\" target=\"_blank\" rel=\"noreferrer noopener\">STJ<\/a><\/strong>), encaminhou para o Supremo Tribunal Federal (STF) o inqu\u00e9rito que envolve o&nbsp;<a href=\"https:\/\/revistaoeste.com\/busca\/?q=Rui+Costa#gsc.tab=0&amp;gsc.q=Rui%20Costa&amp;gsc.page=1\" target=\"_blank\" rel=\"noreferrer noopener\"><strong>ministro da Casa Civil<\/strong>,&nbsp;<strong>Rui Costa<\/strong><\/a>, nas compras de aparelhos respiradores feitas pelo Cons\u00f3rcio Nordeste durante a pandemia de covid-19.<\/p>\n\n\n\n<p>O envio foi feito pelo fato de Rui Costa ter prerrogativa de foro privilegiado j\u00e1 que atua como ministro de Estado, devendo, portanto, ser investigado pelo STF. At\u00e9 ent\u00e3o, os inqu\u00e9ritos estavam no STJ porque Costa era governador da Bahia. A corte \u00e9 competente para julgar governadores.<\/p>\n\n\n\n<p>O processo agora ser\u00e1 processado pela Coordena\u00e7\u00e3o da Corte Especial do STJ antes de chegar \u00e0 Corte. Em seguida, ter\u00e1 um relator que ainda deve ser sorteado. Mesmo com o envio da remessa, n\u00e3o h\u00e1 acusa\u00e7\u00e3o formal contra Rui Costa j\u00e1 que a Pol\u00edcia Federal (PF) n\u00e3o concluiu seu trabalho.<\/p>\n\n\n\n<p>O inqu\u00e9rito investiga a compra de 300 ventiladores hospitalares para os centros m\u00e9dicos da regi\u00e3o Nordeste por R$ 48 milh\u00f5es de reais. Os respiradores nunca foram entregues. Costa era o presidente do Cons\u00f3rcio na \u00e9poca da compra e, por isso, \u00e9 um dos alvos da investiga\u00e7\u00e3o.<\/p>\n","protected":false},"excerpt":{"rendered":"<p>Og Fernandes, ministro do Superior Tribunal de Justi\u00e7a (STJ), encaminhou para o Supremo Tribunal Federal (STF) o inqu\u00e9rito que envolve o&nbsp;ministro da Casa Civil,&nbsp;Rui Costa, nas compras de aparelhos respiradores feitas pelo Cons\u00f3rcio Nordeste durante a pandemia de covid-19. O envio foi feito pelo fato de Rui Costa ter prerrogativa de foro privilegiado j\u00e1 que [&hellip;]<\/p>\n","protected":false},"author":2,"featured_media":15303,"comment_status":"open","ping_status":"open","sticky":false,"template":"","format":"standard","meta":[],"categories":[10],"tags":[13],"_links":{"self":[{"href":"https:\/\/dgospel.com.br\/portal\/index.php\/wp-json\/wp\/v2\/posts\/15302"}],"collection":[{"href":"https:\/\/dgospel.com.br\/portal\/index.php\/wp-json\/wp\/v2\/posts"}],"about":[{"href":"https:\/\/dgospel.com.br\/portal\/index.php\/wp-json\/wp\/v2\/types\/post"}],"author":[{"embeddable":true,"href":"https:\/\/dgospel.com.br\/portal\/index.php\/wp-json\/wp\/v2\/users\/2"}],"replies":[{"embeddable":true,"href":"https:\/\/dgospel.com.br\/portal\/index.php\/wp-json\/wp\/v2\/comments?post=15302"}],"version-history":[{"count":1,"href":"https:\/\/dgospel.com.br\/portal\/index.php\/wp-json\/wp\/v2\/posts\/15302\/revisions"}],"predecessor-version":[{"id":15304,"href":"https:\/\/dgospel.com.br\/portal\/index.php\/wp-json\/wp\/v2\/posts\/15302\/revisions\/15304"}],"wp:featuredmedia":[{"embeddable":true,"href":"https:\/\/dgospel.com.br\/portal\/index.php\/wp-json\/wp\/v2\/media\/15303"}],"wp:attachment":[{"href":"https:\/\/dgospel.com.br\/portal\/index.php\/wp-json\/wp\/v2\/media?parent=15302"}],"wp:term":[{"taxonomy":"category","embeddable":true,"href":"https:\/\/dgospel.com.br\/portal\/index.php\/wp-json\/wp\/v2\/categories?post=15302"},{"taxonomy":"post_tag","embeddable":true,"href":"https:\/\/dgospel.com.br\/portal\/index.php\/wp-json\/wp\/v2\/tags?post=15302"}],"curies":[{"name":"wp","href":"https:\/\/api.w.org\/{rel}","templated":true}]}}