{"id":15308,"date":"2023-03-30T16:40:50","date_gmt":"2023-03-30T19:40:50","guid":{"rendered":"http:\/\/dgospel.com.br\/portal\/?p=15308"},"modified":"2023-03-30T16:40:51","modified_gmt":"2023-03-30T19:40:51","slug":"campos-neto-bc-e-orgao-tecnico-e-nao-tem-componentes-politicos","status":"publish","type":"post","link":"https:\/\/dgospel.com.br\/portal\/index.php\/2023\/03\/30\/campos-neto-bc-e-orgao-tecnico-e-nao-tem-componentes-politicos\/","title":{"rendered":"Campos Neto: BC \u00e9 \u00f3rg\u00e3o t\u00e9cnico e n\u00e3o tem componentes pol\u00edticos"},"content":{"rendered":"\n<p>Alvo de ataques diretos do presidente Lula e de aliados, que inclusive pedem sua ren\u00fancia, o presidente do Banco Central, Roberto Campos Neto, afirmou nesta quinta-feira, 30, que a autarquia \u00e9 um \u00f3rg\u00e3o t\u00e9cnico e que, por isso, \u201cn\u00e3o deveria se envolver em termos pol\u00edticos\u201d.<\/p>\n\n\n\n<p>Os ataques, que prov\u00eam ministros e parlamentares petistas e de partidos da base, se referem, principalmente, \u00e0 alta taxa de juros, em 13,75%. Com a Selic nesse patamar, dizem, n\u00e3o haver\u00e1 crescimento da economia.<\/p>\n\n\n\n<p>Entretanto, mais uma vez, o presidente do BC explicou que a queda da taxa de juros depende de componentes t\u00e9cnicos e n\u00e3o pol\u00edticos. Em coletiva de imprensa sobre o<a href=\"https:\/\/www.bcb.gov.br\/publicacoes\/ri\">&nbsp;<strong>Relat\u00f3rio de Infla\u00e7\u00e3o<\/strong><\/a>, Campos Neto afirmou que o BC est\u00e1 fazendo um trabalho t\u00e9cnico na condu\u00e7\u00e3o da pol\u00edtica monet\u00e1ria. \u201cNosso processo aqui n\u00e3o tem nenhum componente pol\u00edtico. \u00c9 estritamente t\u00e9cnico\u201d, afirmou Campos Neto, ressaltando que o custo para combater a infla\u00e7\u00e3o \u00e9 alto e \u00e9 sentido no curto prazo. \u201cNosso trabalho \u00e9 explicar por que existe autonomia e por que isso \u00e9 importante para a sociedade.\u201d<\/p>\n\n\n\n<p>Ele defendeu a autonomia do BC e disse que essa prerrogativa \u00e9 importante justamente para a tomada de decis\u00f5es sobre a Selic e o combate \u00e0 infla\u00e7\u00e3o, sem que se incorra em custo maior no longo prazo. Campos Neto tamb\u00e9m explicou que os documentos da autarquia sobre a pol\u00edtica monet\u00e1ria \u2014 como o comunicado e a ata do Comit\u00ea de Pol\u00edtica Monet\u00e1ria (Copom), criticados com veem\u00eancia pelo governo Lula \u2014 t\u00eam car\u00e1ter t\u00e9cnico.<\/p>\n\n\n\n<p>\u201cAcho que a ata, de certa forma, sempre tem dimens\u00e3o t\u00e9cnica, de tentar explicar o que foi feito tecnicamente. E ela incorpora alguma corre\u00e7\u00e3o, alguma explica\u00e7\u00e3o que precisava ser dada em rela\u00e7\u00e3o \u00e0s incertezas desde o comunicado\u201d, afirmou.<\/p>\n\n\n\n<p>Questionado sobre a possibilidade de mudan\u00e7a nas metas de infla\u00e7\u00e3o, Campos Neto lembrou que o governo tem dois votos no Conselho Monet\u00e1rio Nacional (CMN), \u00f3rg\u00e3o respons\u00e1vel pelos par\u00e2metros, enquanto o BC possui apenas um voto. \u201cA gente n\u00e3o determina a pr\u00f3pria meta de infla\u00e7\u00e3o; quem determina \u00e9 o CMN\u201d, afirmou, lembrando que o BC tem apenas a autonomia operacional para perseguir a meta autorizada pelo governo, e n\u00e3o o poder de determin\u00e1-la. A meta da infla\u00e7\u00e3o para 2023 \u00e9 3,25%, com margem de toler\u00e2ncia de 1,5 ponto porcentual.<\/p>\n","protected":false},"excerpt":{"rendered":"<p>Alvo de ataques diretos do presidente Lula e de aliados, que inclusive pedem sua ren\u00fancia, o presidente do Banco Central, Roberto Campos Neto, afirmou nesta quinta-feira, 30, que a autarquia \u00e9 um \u00f3rg\u00e3o t\u00e9cnico e que, por isso, \u201cn\u00e3o deveria se envolver em termos pol\u00edticos\u201d. Os ataques, que prov\u00eam ministros e parlamentares petistas e de [&hellip;]<\/p>\n","protected":false},"author":2,"featured_media":15309,"comment_status":"open","ping_status":"open","sticky":false,"template":"","format":"standard","meta":[],"categories":[10],"tags":[],"_links":{"self":[{"href":"https:\/\/dgospel.com.br\/portal\/index.php\/wp-json\/wp\/v2\/posts\/15308"}],"collection":[{"href":"https:\/\/dgospel.com.br\/portal\/index.php\/wp-json\/wp\/v2\/posts"}],"about":[{"href":"https:\/\/dgospel.com.br\/portal\/index.php\/wp-json\/wp\/v2\/types\/post"}],"author":[{"embeddable":true,"href":"https:\/\/dgospel.com.br\/portal\/index.php\/wp-json\/wp\/v2\/users\/2"}],"replies":[{"embeddable":true,"href":"https:\/\/dgospel.com.br\/portal\/index.php\/wp-json\/wp\/v2\/comments?post=15308"}],"version-history":[{"count":1,"href":"https:\/\/dgospel.com.br\/portal\/index.php\/wp-json\/wp\/v2\/posts\/15308\/revisions"}],"predecessor-version":[{"id":15310,"href":"https:\/\/dgospel.com.br\/portal\/index.php\/wp-json\/wp\/v2\/posts\/15308\/revisions\/15310"}],"wp:featuredmedia":[{"embeddable":true,"href":"https:\/\/dgospel.com.br\/portal\/index.php\/wp-json\/wp\/v2\/media\/15309"}],"wp:attachment":[{"href":"https:\/\/dgospel.com.br\/portal\/index.php\/wp-json\/wp\/v2\/media?parent=15308"}],"wp:term":[{"taxonomy":"category","embeddable":true,"href":"https:\/\/dgospel.com.br\/portal\/index.php\/wp-json\/wp\/v2\/categories?post=15308"},{"taxonomy":"post_tag","embeddable":true,"href":"https:\/\/dgospel.com.br\/portal\/index.php\/wp-json\/wp\/v2\/tags?post=15308"}],"curies":[{"name":"wp","href":"https:\/\/api.w.org\/{rel}","templated":true}]}}