{"id":15314,"date":"2023-03-30T16:59:37","date_gmt":"2023-03-30T19:59:37","guid":{"rendered":"http:\/\/dgospel.com.br\/portal\/?p=15314"},"modified":"2023-03-30T16:59:39","modified_gmt":"2023-03-30T19:59:39","slug":"bolsonaro-diz-que-episodio-do-dia-8-sera-esclarecido-via-cpmi","status":"publish","type":"post","link":"https:\/\/dgospel.com.br\/portal\/index.php\/2023\/03\/30\/bolsonaro-diz-que-episodio-do-dia-8-sera-esclarecido-via-cpmi\/","title":{"rendered":"Bolsonaro diz que \u201cepis\u00f3dio do dia 8 ser\u00e1 esclarecido via CPMI\u201d"},"content":{"rendered":"\n<p>O ex-presidente Jair Bolsonaro (PL) garantiu, nesta quinta-feira (30), que os atos do 8 de janeiro ser\u00e3o esclarecidos por meio da instala\u00e7\u00e3o de uma Comiss\u00e3o Parlamentar Mista de Inqu\u00e9rito (CPMI) no Congresso. Em entrevista ao programa&nbsp;<em>Morning Show<\/em>, da Jovem Pan, logo ap\u00f3s sua chegada ao Brasil, o ex-chefe do Executivo disse que o colegiado trar\u00e1 a \u201cverdade\u201d e mostrar\u00e1 o que de fato aconteceu.<\/p>\n\n\n\n<p>\u2013 O epis\u00f3dio do dia 8 vai ser esclarecido via CPMI, que num primeiro momento, Lula e seus pol\u00edticos queriam. Dias depois, se gabavam de terem conseguido assinaturas. [Diziam] \u201cOlha, conseguimos assinaturas, vamos agora enterrar a direita\u201d. Poucos dias depois, vemos que n\u00e3o foi bem assim aquela hist\u00f3ria. A CPMI vai realmente trazer a verdade e mostrar o que aconteceu \u2013 declarou.<\/p>\n\n\n\n<p>.<\/p>\n\n\n\n<figure class=\"wp-block-image\"><img src=\"https:\/\/static.cdn.pleno.news\/2023\/03\/cde5a746c5849a8da38c7bb39a48b5da01303314w-1-768x511.jpg\" alt=\"Apoiadores esperam por Bolsonaro no aeroporto de Bras\u00edlia\" title=\"Apoiadores esperam por Bolsonaro no aeroporto de Bras\u00edlia\"\/><figcaption>Apoiadores esperam por Bolsonaro no aeroporto de Bras\u00edlia&nbsp;\/ Foto: EFE\/ Andre Borges<\/figcaption><\/figure>\n\n\n\n<figure class=\"wp-block-image\"><img src=\"https:\/\/static.cdn.pleno.news\/2023\/03\/7718275d53999e9583a3a1cbdde24c57d7979e1dw-768x511.jpg\" alt=\"Apoiadores esperam por Bolsonaro no aeroporto de Bras\u00edlia\" title=\"Apoiadores esperam por Bolsonaro no aeroporto de Bras\u00edlia\"\/><figcaption>Apoiadores esperam por Bolsonaro no aeroporto de Bras\u00edlia&nbsp;\/ Foto: EFE\/ Andre Borges<\/figcaption><\/figure>\n\n\n\n<figure class=\"wp-block-image\"><img src=\"https:\/\/static.cdn.pleno.news\/2023\/03\/d2e01f8360cfa9dd8baede93ff0140a1de59057cw-768x511.jpg\" alt=\"Apoiadores esperam por Bolsonaro no aeroporto de Bras\u00edlia\" title=\"Apoiadores esperam por Bolsonaro no aeroporto de Bras\u00edlia\"\/><figcaption>Apoiadores esperam por Bolsonaro no aeroporto de Bras\u00edlia&nbsp;\/ Foto: EFE\/ Andre Borges<\/figcaption><\/figure>\n\n\n\n<figure class=\"wp-block-image\"><img src=\"https:\/\/static.cdn.pleno.news\/2023\/03\/91d867d834b50ba6e67085dc6478364adda03f80w-768x511.jpg\" alt=\"Apoiadores esperam por Bolsonaro no aeroporto de Bras\u00edlia\" title=\"Apoiadores esperam por Bolsonaro no aeroporto de Bras\u00edlia\"\/><figcaption>Apoiadores esperam por Bolsonaro no aeroporto de Bras\u00edlia&nbsp;\/ Foto: EFE\/ Andre Borges<\/figcaption><\/figure>\n\n\n\n<figure class=\"wp-block-image\"><img src=\"https:\/\/static.cdn.pleno.news\/2023\/03\/ac350aa00cbc5e5c459a6c07164533afa1acd616w-768x518.jpg\" alt=\"Avi\u00e3o aterrissa em Bras\u00edlia\" title=\"Avi\u00e3o aterrissa em Bras\u00edlia\"\/><figcaption>Avi\u00e3o aterrissa em Bras\u00edlia&nbsp;\/ Foto: EFE\/ Lu\u00eds Nova<\/figcaption><\/figure>\n\n\n\n<figure class=\"wp-block-image\"><img src=\"https:\/\/static.cdn.pleno.news\/2023\/03\/de8329c78068bf252ac8d118dc292fbc6036bbbbw-768x512.jpg\" alt=\"Avi\u00e3o aterrissa em Bras\u00edlia\" title=\"Avi\u00e3o aterrissa em Bras\u00edlia\"\/><figcaption>Avi\u00e3o aterrissa em Bras\u00edlia&nbsp;\/ Foto: EFE\/ Lu\u00eds Nova<\/figcaption><\/figure>\n\n\n\n<figure class=\"wp-block-image\"><img src=\"https:\/\/static.cdn.pleno.news\/2023\/03\/49101e651727164f901eff10cfd7d3de2ef7489cw-768x511.jpg\" alt=\"Eduardo Bolsonaro\" title=\"Eduardo Bolsonaro\"\/><figcaption>Eduardo Bolsonaro&nbsp;\/ Foto: EFE\/ Andre Borges<\/figcaption><\/figure>\n\n\n\n<figure class=\"wp-block-image\"><img src=\"https:\/\/static.cdn.pleno.news\/2023\/03\/32b22bccdceef7ef5fd81a4ad5afd5d4e8230813w-768x512.jpg\" alt=\"Bolsonaro na sede do PL\" title=\"Bolsonaro na sede do PL\"\/><figcaption>Bolsonaro na sede do PL&nbsp;\/ Foto: EFE\/ Lu\u00eds Nova<\/figcaption><\/figure>\n\n\n\n<figure class=\"wp-block-image\"><img src=\"https:\/\/static.cdn.pleno.news\/2023\/03\/ba367e824cb840c9c988c95470539ef9454d48acw-768x512.jpg\" alt=\"Bolsonaro na sede do PL\" title=\"Bolsonaro na sede do PL\"\/><figcaption>Bolsonaro na sede do PL&nbsp;\/ Foto: EFE\/ Lu\u00eds Nova<\/figcaption><\/figure>\n\n\n\n<figure class=\"wp-block-image\"><img src=\"https:\/\/static.cdn.pleno.news\/2023\/03\/5d59c5212c4742bbc67b091bf59cd76bd04ef2c8w-768x512.jpg\" alt=\"Bolsonaro na sede do PL\" title=\"Bolsonaro na sede do PL\"\/><figcaption>Bolsonaro na sede do PL&nbsp;\/ Foto: EFE\/ Lu\u00eds Nova<\/figcaption><\/figure>\n\n\n\n<figure class=\"wp-block-image\"><img src=\"https:\/\/static.cdn.pleno.news\/2023\/03\/294eacaf66a04c04bf1f50ce22924bd5193c9114w-768x512.jpg\" alt=\"Apoiadores na sede do PL\" title=\"Apoiadores na sede do PL\"\/><figcaption>Apoiadores na sede do PL&nbsp;\/ Foto: EFE\/ Lu\u00eds Nova<\/figcaption><\/figure>\n\n\n\n<figure class=\"wp-block-image\"><img src=\"https:\/\/static.cdn.pleno.news\/2023\/03\/a4acbc05e1667a7dbfaf58693bdb2e51566c32e5w-768x512.jpg\" alt=\"Apoiadores na sede do PL\" title=\"Apoiadores na sede do PL\"\/><figcaption>Apoiadores na sede do PL&nbsp;\/ Foto: EFE\/ Lu\u00eds Nova<\/figcaption><\/figure>\n\n\n\n<figure class=\"wp-block-image\"><img src=\"https:\/\/static.cdn.pleno.news\/2023\/03\/24647d24d6265a81172e6cc56f72c5a363bb9f2fw-768x512.jpg\" alt=\"Apoiadores na sede do PL\" title=\"Apoiadores na sede do PL\"\/><figcaption>Apoiadores na sede do PL&nbsp;\/ Foto: EFE\/ Lu\u00eds Nova<\/figcaption><\/figure>\n\n\n\n<figure class=\"wp-block-image\"><img src=\"https:\/\/static.cdn.pleno.news\/2023\/03\/ac5fe80c9ca7652177d43358da04ea8b10da4524w-768x512.jpg\" alt=\"Apoiadores na sede do PL\" title=\"Apoiadores na sede do PL\"\/><figcaption>Apoiadores na sede do PL&nbsp;\/ Foto: EFE\/ Lu\u00eds Nova<\/figcaption><\/figure>\n\n\n\n<figure class=\"wp-block-image\"><img src=\"https:\/\/static.cdn.pleno.news\/2023\/03\/pzzb5340-768x576.jpg\" alt=\"Apoiadores na sede do PL\" title=\"Apoiadores na sede do PL\"\/><figcaption>Apoiadores na sede do PL&nbsp;\/ Foto: Fabio Rodrigues-Pozzebom\/ Ag\u00eancia Brasil<\/figcaption><\/figure>\n\n\n\n<figure class=\"wp-block-image\"><img src=\"https:\/\/static.cdn.pleno.news\/2023\/03\/pzzb5234-768x576.jpg\" alt=\"Apoiadores na sede do PL\" title=\"Apoiadores na sede do PL\"\/><figcaption>Apoiadores na sede do PL&nbsp;\/ Foto: Fabio Rodrigues-Pozzebom\/ Ag\u00eancia Brasil<\/figcaption><\/figure>\n\n\n\n<figure class=\"wp-block-image\"><img src=\"https:\/\/static.cdn.pleno.news\/2023\/03\/pzzb5237-768x576.jpg\" alt=\"Apoiadores na sede do PL\" title=\"Apoiadores na sede do PL\"\/><figcaption>Apoiadores na sede do PL&nbsp;\/ Foto: Fabio Rodrigues-Pozzebom\/ Ag\u00eancia Brasil<\/figcaption><\/figure>\n\n\n\n<figure class=\"wp-block-image\"><img src=\"https:\/\/static.cdn.pleno.news\/2023\/03\/pzzb5246-768x576.jpg\" alt=\"Apoiadores na sede do PL\" title=\"Apoiadores na sede do PL\"\/><figcaption>Apoiadores na sede do PL&nbsp;\/ Foto: Fabio Rodrigues-Pozzebom\/ Ag\u00eancia Brasil<\/figcaption><\/figure>\n\n\n\n<figure class=\"wp-block-image\"><img src=\"https:\/\/static.cdn.pleno.news\/2023\/03\/foto_17-30-03-23-768x512.jpg\" alt=\"Bolsonaro em reuni\u00e3o na sede do PL\" title=\"Bolsonaro em reuni\u00e3o na sede do PL\"\/><figcaption>Bolsonaro em reuni\u00e3o na sede do PL&nbsp;\/ Foto: Nathanael Alves\/Partido Liberal<\/figcaption><\/figure>\n\n\n\n<figure class=\"wp-block-image\"><img src=\"https:\/\/static.cdn.pleno.news\/2023\/03\/foto_09-30-03-23-768x512.jpg\" alt=\"Bolsonaro em reuni\u00e3o na sede do PL\" title=\"Bolsonaro em reuni\u00e3o na sede do PL\"\/><figcaption>Bolsonaro em reuni\u00e3o na sede do PL&nbsp;\/ Foto: Nathanael Alves\/Partido Liberal<\/figcaption><\/figure>\n\n\n\n<figure class=\"wp-block-image\"><img src=\"https:\/\/static.cdn.pleno.news\/2023\/03\/foto_26-30-03-23-768x512.jpg\" alt=\"Bolsonaro em reuni\u00e3o na sede do PL\" title=\"Bolsonaro em reuni\u00e3o na sede do PL\"\/><figcaption>Bolsonaro em reuni\u00e3o na sede do PL&nbsp;\/ Foto: Nathanael Alves\/Partido Liberal<\/figcaption><\/figure>\n\n\n\n<figure class=\"wp-block-image\"><img src=\"https:\/\/static.cdn.pleno.news\/2023\/03\/foto_28-30-03-23-768x512.jpg\" alt=\"Bolsonaro em reuni\u00e3o na sede do PL\" title=\"Bolsonaro em reuni\u00e3o na sede do PL\"\/><figcaption>Bolsonaro em reuni\u00e3o na sede do PL&nbsp;\/ Foto: Nathanael Alves\/Partido Liberal<\/figcaption><\/figure>\n\n\n\n<ul><li>1&nbsp;de 22<\/li><\/ul>\n\n\n\n<p>Bolsonaro prosseguiu dizendo que \u201cningu\u00e9m concorda com a invas\u00e3o\u201d e levantou questionamentos sobre o esquema de seguran\u00e7a na Pra\u00e7a dos Tr\u00eas Poderes no dia dos atos.<\/p>\n\n\n\n<p>\u2013 Pelas informa\u00e7\u00f5es que n\u00f3s temos, aquilo [a invas\u00e3o] foi preparado algumas horas antes. Eu ouvi ontem o Marcos do Val falando l\u00e1 no Senado como se comportou a seguran\u00e7a naquele dia. Se voc\u00ea ver, tem uma imagem de drone onde o pessoal estava l\u00e1 no Congresso, e do lado ali da Presid\u00eancia e do Supremo tinha uns 60 seguran\u00e7as. E depois os seguran\u00e7as sumiram de l\u00e1. A pr\u00f3pria Presid\u00eancia pernoita ali 24 horas por dia, uma companhia do Ex\u00e9rcito pronta para qualquer coisa \u2013 argumentou.<\/p>\n\n\n\n<p>Para Bolsonaro, a CPMI botar\u00e1 \u201cem pratos limpos\u201d os acontecimentos.<\/p>\n\n\n\n<p>\u2013 Por que que o PT, o governo, n\u00e3o quer a CPMI? \u00c9 muito simples, por que que n\u00e3o quer, o que tem a temer? \u2013 questionou.<\/p>\n\n\n\n<figure class=\"wp-block-embed is-type-video is-provider-youtube wp-block-embed-youtube wp-embed-aspect-16-9 wp-has-aspect-ratio\"><div class=\"wp-block-embed__wrapper\">\n<iframe loading=\"lazy\" title=\"BOLSONARO CONVERSA AO VIVO COM O MORNING SHOW - 30\/03\/2023\" width=\"630\" height=\"354\" src=\"https:\/\/www.youtube.com\/embed\/AC36ooEJwvo?start=2825&#038;feature=oembed\" frameborder=\"0\" allow=\"accelerometer; autoplay; clipboard-write; encrypted-media; gyroscope; picture-in-picture; web-share\" allowfullscreen><\/iframe>\n<\/div><\/figure>\n","protected":false},"excerpt":{"rendered":"<p>O ex-presidente Jair Bolsonaro (PL) garantiu, nesta quinta-feira (30), que os atos do 8 de janeiro ser\u00e3o esclarecidos por meio da instala\u00e7\u00e3o de uma Comiss\u00e3o Parlamentar Mista de Inqu\u00e9rito (CPMI) no Congresso. Em entrevista ao programa&nbsp;Morning Show, da Jovem Pan, logo ap\u00f3s sua chegada ao Brasil, o ex-chefe do Executivo disse que o colegiado trar\u00e1 [&hellip;]<\/p>\n","protected":false},"author":2,"featured_media":15315,"comment_status":"open","ping_status":"open","sticky":false,"template":"","format":"standard","meta":[],"categories":[10],"tags":[],"_links":{"self":[{"href":"https:\/\/dgospel.com.br\/portal\/index.php\/wp-json\/wp\/v2\/posts\/15314"}],"collection":[{"href":"https:\/\/dgospel.com.br\/portal\/index.php\/wp-json\/wp\/v2\/posts"}],"about":[{"href":"https:\/\/dgospel.com.br\/portal\/index.php\/wp-json\/wp\/v2\/types\/post"}],"author":[{"embeddable":true,"href":"https:\/\/dgospel.com.br\/portal\/index.php\/wp-json\/wp\/v2\/users\/2"}],"replies":[{"embeddable":true,"href":"https:\/\/dgospel.com.br\/portal\/index.php\/wp-json\/wp\/v2\/comments?post=15314"}],"version-history":[{"count":1,"href":"https:\/\/dgospel.com.br\/portal\/index.php\/wp-json\/wp\/v2\/posts\/15314\/revisions"}],"predecessor-version":[{"id":15316,"href":"https:\/\/dgospel.com.br\/portal\/index.php\/wp-json\/wp\/v2\/posts\/15314\/revisions\/15316"}],"wp:featuredmedia":[{"embeddable":true,"href":"https:\/\/dgospel.com.br\/portal\/index.php\/wp-json\/wp\/v2\/media\/15315"}],"wp:attachment":[{"href":"https:\/\/dgospel.com.br\/portal\/index.php\/wp-json\/wp\/v2\/media?parent=15314"}],"wp:term":[{"taxonomy":"category","embeddable":true,"href":"https:\/\/dgospel.com.br\/portal\/index.php\/wp-json\/wp\/v2\/categories?post=15314"},{"taxonomy":"post_tag","embeddable":true,"href":"https:\/\/dgospel.com.br\/portal\/index.php\/wp-json\/wp\/v2\/tags?post=15314"}],"curies":[{"name":"wp","href":"https:\/\/api.w.org\/{rel}","templated":true}]}}