{"id":15317,"date":"2023-03-30T17:14:07","date_gmt":"2023-03-30T20:14:07","guid":{"rendered":"http:\/\/dgospel.com.br\/portal\/?p=15317"},"modified":"2023-03-30T17:14:09","modified_gmt":"2023-03-30T20:14:09","slug":"jair-bolsonaro-agradece-apoio-e-muito-bom-estar-de-volta","status":"publish","type":"post","link":"https:\/\/dgospel.com.br\/portal\/index.php\/2023\/03\/30\/jair-bolsonaro-agradece-apoio-e-muito-bom-estar-de-volta\/","title":{"rendered":"Jair Bolsonaro agradece apoio: \u201c\u00c9 muito bom estar de volta\u201d"},"content":{"rendered":"\n<p>O ex-presidente Jair Bolsonaro (PL) usou as redes sociais, nesta quinta-feira (30), para agradecer o apoio recebido no dia de sua chegada ao Brasil. Ele disse que \u00e9 bom estar de volta.<\/p>\n\n\n\n<p>\u2013 Obrigado a todos pelo carinho e considera\u00e7\u00e3o de sempre! \u00c9 muito bom estar de volta ao Brasil \u2013 destacou.<\/p>\n\n\n\n<figure class=\"wp-block-image\"><img src=\"https:\/\/static.cdn.pleno.news\/2023\/03\/cde5a746c5849a8da38c7bb39a48b5da01303314w-1-768x511.jpg\" alt=\"Apoiadores esperam por Bolsonaro no aeroporto de Bras\u00edlia\" title=\"Apoiadores esperam por Bolsonaro no aeroporto de Bras\u00edlia\"\/><figcaption>Apoiadores esperam por Bolsonaro no aeroporto de Bras\u00edlia&nbsp;\/ Foto: EFE\/ Andre Borges<\/figcaption><\/figure>\n\n\n\n<figure class=\"wp-block-image\"><img src=\"https:\/\/static.cdn.pleno.news\/2023\/03\/7718275d53999e9583a3a1cbdde24c57d7979e1dw-768x511.jpg\" alt=\"Apoiadores esperam por Bolsonaro no aeroporto de Bras\u00edlia\" title=\"Apoiadores esperam por Bolsonaro no aeroporto de Bras\u00edlia\"\/><figcaption>Apoiadores esperam por Bolsonaro no aeroporto de Bras\u00edlia&nbsp;\/ Foto: EFE\/ Andre Borges<\/figcaption><\/figure>\n\n\n\n<figure class=\"wp-block-image\"><img src=\"https:\/\/static.cdn.pleno.news\/2023\/03\/d2e01f8360cfa9dd8baede93ff0140a1de59057cw-768x511.jpg\" alt=\"Apoiadores esperam por Bolsonaro no aeroporto de Bras\u00edlia\" title=\"Apoiadores esperam por Bolsonaro no aeroporto de Bras\u00edlia\"\/><figcaption>Apoiadores esperam por Bolsonaro no aeroporto de Bras\u00edlia&nbsp;\/ Foto: EFE\/ Andre Borges<\/figcaption><\/figure>\n\n\n\n<figure class=\"wp-block-image\"><img src=\"https:\/\/static.cdn.pleno.news\/2023\/03\/91d867d834b50ba6e67085dc6478364adda03f80w-768x511.jpg\" alt=\"Apoiadores esperam por Bolsonaro no aeroporto de Bras\u00edlia\" title=\"Apoiadores esperam por Bolsonaro no aeroporto de Bras\u00edlia\"\/><figcaption>Apoiadores esperam por Bolsonaro no aeroporto de Bras\u00edlia&nbsp;\/ Foto: EFE\/ Andre Borges<\/figcaption><\/figure>\n\n\n\n<figure class=\"wp-block-image\"><img src=\"https:\/\/static.cdn.pleno.news\/2023\/03\/ac350aa00cbc5e5c459a6c07164533afa1acd616w-768x518.jpg\" alt=\"Avi\u00e3o aterrissa em Bras\u00edlia\" title=\"Avi\u00e3o aterrissa em Bras\u00edlia\"\/><figcaption>Avi\u00e3o aterrissa em Bras\u00edlia&nbsp;\/ Foto: EFE\/ Lu\u00eds Nova<\/figcaption><\/figure>\n\n\n\n<figure class=\"wp-block-image\"><img src=\"https:\/\/static.cdn.pleno.news\/2023\/03\/de8329c78068bf252ac8d118dc292fbc6036bbbbw-768x512.jpg\" alt=\"Avi\u00e3o aterrissa em Bras\u00edlia\" title=\"Avi\u00e3o aterrissa em Bras\u00edlia\"\/><figcaption>Avi\u00e3o aterrissa em Bras\u00edlia&nbsp;\/ Foto: EFE\/ Lu\u00eds Nova<\/figcaption><\/figure>\n\n\n\n<figure class=\"wp-block-image\"><img src=\"https:\/\/static.cdn.pleno.news\/2023\/03\/49101e651727164f901eff10cfd7d3de2ef7489cw-768x511.jpg\" alt=\"Eduardo Bolsonaro\" title=\"Eduardo Bolsonaro\"\/><figcaption>Eduardo Bolsonaro&nbsp;\/ Foto: EFE\/ Andre Borges<\/figcaption><\/figure>\n\n\n\n<figure class=\"wp-block-image\"><img src=\"https:\/\/static.cdn.pleno.news\/2023\/03\/32b22bccdceef7ef5fd81a4ad5afd5d4e8230813w-768x512.jpg\" alt=\"Bolsonaro na sede do PL\" title=\"Bolsonaro na sede do PL\"\/><figcaption>Bolsonaro na sede do PL&nbsp;\/ Foto: EFE\/ Lu\u00eds Nova<\/figcaption><\/figure>\n\n\n\n<figure class=\"wp-block-image\"><img src=\"https:\/\/static.cdn.pleno.news\/2023\/03\/ba367e824cb840c9c988c95470539ef9454d48acw-768x512.jpg\" alt=\"Bolsonaro na sede do PL\" title=\"Bolsonaro na sede do PL\"\/><figcaption>Bolsonaro na sede do PL&nbsp;\/ Foto: EFE\/ Lu\u00eds Nova<\/figcaption><\/figure>\n\n\n\n<figure class=\"wp-block-image\"><img src=\"https:\/\/static.cdn.pleno.news\/2023\/03\/5d59c5212c4742bbc67b091bf59cd76bd04ef2c8w-768x512.jpg\" alt=\"Bolsonaro na sede do PL\" title=\"Bolsonaro na sede do PL\"\/><figcaption>Bolsonaro na sede do PL&nbsp;\/ Foto: EFE\/ Lu\u00eds Nova<\/figcaption><\/figure>\n\n\n\n<figure class=\"wp-block-image\"><img src=\"https:\/\/static.cdn.pleno.news\/2023\/03\/294eacaf66a04c04bf1f50ce22924bd5193c9114w-768x512.jpg\" alt=\"Apoiadores na sede do PL\" title=\"Apoiadores na sede do PL\"\/><figcaption>Apoiadores na sede do PL&nbsp;\/ Foto: EFE\/ Lu\u00eds Nova<\/figcaption><\/figure>\n\n\n\n<figure class=\"wp-block-image\"><img src=\"https:\/\/static.cdn.pleno.news\/2023\/03\/a4acbc05e1667a7dbfaf58693bdb2e51566c32e5w-768x512.jpg\" alt=\"Apoiadores na sede do PL\" title=\"Apoiadores na sede do PL\"\/><figcaption>Apoiadores na sede do PL&nbsp;\/ Foto: EFE\/ Lu\u00eds Nova<\/figcaption><\/figure>\n\n\n\n<figure class=\"wp-block-image\"><img src=\"https:\/\/static.cdn.pleno.news\/2023\/03\/24647d24d6265a81172e6cc56f72c5a363bb9f2fw-768x512.jpg\" alt=\"Apoiadores na sede do PL\" title=\"Apoiadores na sede do PL\"\/><figcaption>Apoiadores na sede do PL&nbsp;\/ Foto: EFE\/ Lu\u00eds Nova<\/figcaption><\/figure>\n\n\n\n<figure class=\"wp-block-image\"><img src=\"https:\/\/static.cdn.pleno.news\/2023\/03\/ac5fe80c9ca7652177d43358da04ea8b10da4524w-768x512.jpg\" alt=\"Apoiadores na sede do PL\" title=\"Apoiadores na sede do PL\"\/><figcaption>Apoiadores na sede do PL&nbsp;\/ Foto: EFE\/ Lu\u00eds Nova<\/figcaption><\/figure>\n\n\n\n<figure class=\"wp-block-image\"><img src=\"https:\/\/static.cdn.pleno.news\/2023\/03\/pzzb5340-768x576.jpg\" alt=\"Apoiadores na sede do PL\" title=\"Apoiadores na sede do PL\"\/><figcaption>Apoiadores na sede do PL&nbsp;\/ Foto: Fabio Rodrigues-Pozzebom\/ Ag\u00eancia Brasil<\/figcaption><\/figure>\n\n\n\n<figure class=\"wp-block-image\"><img src=\"https:\/\/static.cdn.pleno.news\/2023\/03\/pzzb5234-768x576.jpg\" alt=\"Apoiadores na sede do PL\" title=\"Apoiadores na sede do PL\"\/><figcaption>Apoiadores na sede do PL&nbsp;\/ Foto: Fabio Rodrigues-Pozzebom\/ Ag\u00eancia Brasil<\/figcaption><\/figure>\n\n\n\n<figure class=\"wp-block-image\"><img src=\"https:\/\/static.cdn.pleno.news\/2023\/03\/pzzb5237-768x576.jpg\" alt=\"Apoiadores na sede do PL\" title=\"Apoiadores na sede do PL\"\/><figcaption>Apoiadores na sede do PL&nbsp;\/ Foto: Fabio Rodrigues-Pozzebom\/ Ag\u00eancia Brasil<\/figcaption><\/figure>\n\n\n\n<figure class=\"wp-block-image\"><img src=\"https:\/\/static.cdn.pleno.news\/2023\/03\/pzzb5246-768x576.jpg\" alt=\"Apoiadores na sede do PL\" title=\"Apoiadores na sede do PL\"\/><figcaption>Apoiadores na sede do PL&nbsp;\/ Foto: Fabio Rodrigues-Pozzebom\/ Ag\u00eancia Brasil<\/figcaption><\/figure>\n\n\n\n<figure class=\"wp-block-image\"><img src=\"https:\/\/static.cdn.pleno.news\/2023\/03\/foto_17-30-03-23-768x512.jpg\" alt=\"Bolsonaro em reuni\u00e3o na sede do PL\" title=\"Bolsonaro em reuni\u00e3o na sede do PL\"\/><figcaption>Bolsonaro em reuni\u00e3o na sede do PL&nbsp;\/ Foto: Nathanael Alves\/Partido Liberal<\/figcaption><\/figure>\n\n\n\n<figure class=\"wp-block-image\"><img src=\"https:\/\/static.cdn.pleno.news\/2023\/03\/foto_09-30-03-23-768x512.jpg\" alt=\"Bolsonaro em reuni\u00e3o na sede do PL\" title=\"Bolsonaro em reuni\u00e3o na sede do PL\"\/><figcaption>Bolsonaro em reuni\u00e3o na sede do PL&nbsp;\/ Foto: Nathanael Alves\/Partido Liberal<\/figcaption><\/figure>\n\n\n\n<figure class=\"wp-block-image\"><img src=\"https:\/\/static.cdn.pleno.news\/2023\/03\/foto_26-30-03-23-768x512.jpg\" alt=\"Bolsonaro em reuni\u00e3o na sede do PL\" title=\"Bolsonaro em reuni\u00e3o na sede do PL\"\/><figcaption>Bolsonaro em reuni\u00e3o na sede do PL&nbsp;\/ Foto: Nathanael Alves\/Partido Liberal<\/figcaption><\/figure>\n\n\n\n<figure class=\"wp-block-image\"><img src=\"https:\/\/static.cdn.pleno.news\/2023\/03\/foto_28-30-03-23-768x512.jpg\" alt=\"Bolsonaro em reuni\u00e3o na sede do PL\" title=\"Bolsonaro em reuni\u00e3o na sede do PL\"\/><figcaption>Bolsonaro em reuni\u00e3o na sede do PL&nbsp;\/ Foto: Nathanael Alves\/Partido Liberal<\/figcaption><\/figure>\n\n\n\n<p>O voo da Gol Linhas A\u00e9reas que trouxe o pol\u00edtico pousou \u00e0s 6h38, desta quinta, no Aeroporto Internacional de Bras\u00edlia. Na sequ\u00eancia, ele deixou o terminal por uma sa\u00edda alternativa e seguiu em comboio para a sede da sigla do Partido Liberal.<\/p>\n\n\n\n<p>Como primeiro compromisso ap\u00f3s desembarcar no Brasil, Bolsonaro encontrou aliados na sede do PL. Na chegada ao Complexo Brasil 21, onde fica a sede do partido, Bolsonaro encontrou diversos aliados, entre eles o senador Fl\u00e1vio Bolsonaro (PL-RJ), o ex-ministro Walter Braga Netto, o deputado federal Helio Lopes (PL-RJ) e o presidente da sigla, Valdemar Costa Neto.<\/p>\n\n\n\n<p>J\u00e1 dentro da sede da legenda, Bolsonaro cumprimentou diversos pol\u00edticos e parlamentares do PL, e fez um breve pronunciamento. O ex-presidente tamb\u00e9m saiu do pr\u00e9dio onde fica a sede da sigla e acenou por alguns instantes para apoiadores que o aguardavam na entrada do edif\u00edcio.<\/p>\n\n\n\n<p>Na pr\u00f3xima semana, Bolsonaro deve assumir formalmente a fun\u00e7\u00e3o de presidente de honra do Partido Liberal e dever\u00e1 despachar normalmente em seu escrit\u00f3rio.<\/p>\n\n\n\n<figure class=\"wp-block-image\"><img src=\"https:\/\/static.cdn.pleno.news\/2023\/03\/Screenshot-2023-03-30T102848.155.png\" alt=\"\" class=\"wp-image-1114531\"\/><\/figure>\n","protected":false},"excerpt":{"rendered":"<p>O ex-presidente Jair Bolsonaro (PL) usou as redes sociais, nesta quinta-feira (30), para agradecer o apoio recebido no dia de sua chegada ao Brasil. Ele disse que \u00e9 bom estar de volta. \u2013 Obrigado a todos pelo carinho e considera\u00e7\u00e3o de sempre! \u00c9 muito bom estar de volta ao Brasil \u2013 destacou. O voo da [&hellip;]<\/p>\n","protected":false},"author":2,"featured_media":15318,"comment_status":"open","ping_status":"open","sticky":false,"template":"","format":"standard","meta":[],"categories":[4],"tags":[],"_links":{"self":[{"href":"https:\/\/dgospel.com.br\/portal\/index.php\/wp-json\/wp\/v2\/posts\/15317"}],"collection":[{"href":"https:\/\/dgospel.com.br\/portal\/index.php\/wp-json\/wp\/v2\/posts"}],"about":[{"href":"https:\/\/dgospel.com.br\/portal\/index.php\/wp-json\/wp\/v2\/types\/post"}],"author":[{"embeddable":true,"href":"https:\/\/dgospel.com.br\/portal\/index.php\/wp-json\/wp\/v2\/users\/2"}],"replies":[{"embeddable":true,"href":"https:\/\/dgospel.com.br\/portal\/index.php\/wp-json\/wp\/v2\/comments?post=15317"}],"version-history":[{"count":1,"href":"https:\/\/dgospel.com.br\/portal\/index.php\/wp-json\/wp\/v2\/posts\/15317\/revisions"}],"predecessor-version":[{"id":15319,"href":"https:\/\/dgospel.com.br\/portal\/index.php\/wp-json\/wp\/v2\/posts\/15317\/revisions\/15319"}],"wp:featuredmedia":[{"embeddable":true,"href":"https:\/\/dgospel.com.br\/portal\/index.php\/wp-json\/wp\/v2\/media\/15318"}],"wp:attachment":[{"href":"https:\/\/dgospel.com.br\/portal\/index.php\/wp-json\/wp\/v2\/media?parent=15317"}],"wp:term":[{"taxonomy":"category","embeddable":true,"href":"https:\/\/dgospel.com.br\/portal\/index.php\/wp-json\/wp\/v2\/categories?post=15317"},{"taxonomy":"post_tag","embeddable":true,"href":"https:\/\/dgospel.com.br\/portal\/index.php\/wp-json\/wp\/v2\/tags?post=15317"}],"curies":[{"name":"wp","href":"https:\/\/api.w.org\/{rel}","templated":true}]}}