{"id":15320,"date":"2023-04-03T09:37:43","date_gmt":"2023-04-03T12:37:43","guid":{"rendered":"http:\/\/dgospel.com.br\/portal\/?p=15320"},"modified":"2023-04-03T09:37:44","modified_gmt":"2023-04-03T12:37:44","slug":"moro-diz-que-lula-divulgou-desinformacao-grave-sobre-pcc","status":"publish","type":"post","link":"https:\/\/dgospel.com.br\/portal\/index.php\/2023\/04\/03\/moro-diz-que-lula-divulgou-desinformacao-grave-sobre-pcc\/","title":{"rendered":"Moro diz que Lula divulgou \u201cdesinforma\u00e7\u00e3o grave\u201d sobre PCC"},"content":{"rendered":"\n<p>O senador Sergio Moro (Uni\u00e3o Brasil-PR) afirmou neste s\u00e1bado (1\u00b0) que o presidente Luiz In\u00e1cio Lula da Silva (PT) divulgou uma \u201cdesinforma\u00e7\u00e3o grave\u201d sobre o plano do Primeiro Comando da Capital (PCC) de sequestrar o parlamentar. Na semana passada, o petista disse acreditar em uma \u201carma\u00e7\u00e3o do Moro\u201d ao comentar o caso.<\/p>\n\n\n\n<p>Ao participar de um painel sobre regula\u00e7\u00e3o de fake news, o senador afirmou que o presidente deu um mau exemplo em mat\u00e9ria de desinforma\u00e7\u00e3o ao falar de uma \u201carma\u00e7\u00e3o\u201d. Moro disse ainda ver com preocupa\u00e7\u00e3o a proposta da atual gest\u00e3o de criar uma entidade para supervisionar se as plataformas est\u00e3o cumprindo normas de regula\u00e7\u00e3o.<\/p>\n\n\n\n<p>\u2013 \u00c9 um grande risco colocar nas m\u00e3os do Executivo um poder de supervis\u00e3o que eventualmente possa resultar numa esp\u00e9cie de censura. Podemos lembrar epis\u00f3dios recentes em esse atual governo incorreu em desinforma\u00e7\u00e3o e em ataques. Colocar uma esp\u00e9cie de mandato em branco \u00e9 muito arriscado \u2013 disse.<\/p>\n\n\n\n<p>O ministro da Controladoria-Geral da Uni\u00e3o (CGU), Vin\u00edcius de Carvalho, outro painelista da mesa, rebateu o ex-juiz e ainda fez acusa\u00e7\u00f5es contra o governo do ex-presidente Jair Bolsonaro (PL).<\/p>\n\n\n\n<p>\u2013 Tenho a certeza que n\u00e3o \u00e9 nem um pouco a inten\u00e7\u00e3o do governo Lula censurar o que as pessoas dizem ou n\u00e3o dizem nas redes sociais. O governo Lula n\u00e3o \u00e9 o governo Bolsonaro \u2013 alegou.<\/p>\n\n\n\n<p>*AE<\/p>\n","protected":false},"excerpt":{"rendered":"<p>O senador Sergio Moro (Uni\u00e3o Brasil-PR) afirmou neste s\u00e1bado (1\u00b0) que o presidente Luiz In\u00e1cio Lula da Silva (PT) divulgou uma \u201cdesinforma\u00e7\u00e3o grave\u201d sobre o plano do Primeiro Comando da Capital (PCC) de sequestrar o parlamentar. Na semana passada, o petista disse acreditar em uma \u201carma\u00e7\u00e3o do Moro\u201d ao comentar o caso. Ao participar de [&hellip;]<\/p>\n","protected":false},"author":2,"featured_media":15321,"comment_status":"open","ping_status":"open","sticky":false,"template":"","format":"standard","meta":[],"categories":[4],"tags":[],"_links":{"self":[{"href":"https:\/\/dgospel.com.br\/portal\/index.php\/wp-json\/wp\/v2\/posts\/15320"}],"collection":[{"href":"https:\/\/dgospel.com.br\/portal\/index.php\/wp-json\/wp\/v2\/posts"}],"about":[{"href":"https:\/\/dgospel.com.br\/portal\/index.php\/wp-json\/wp\/v2\/types\/post"}],"author":[{"embeddable":true,"href":"https:\/\/dgospel.com.br\/portal\/index.php\/wp-json\/wp\/v2\/users\/2"}],"replies":[{"embeddable":true,"href":"https:\/\/dgospel.com.br\/portal\/index.php\/wp-json\/wp\/v2\/comments?post=15320"}],"version-history":[{"count":1,"href":"https:\/\/dgospel.com.br\/portal\/index.php\/wp-json\/wp\/v2\/posts\/15320\/revisions"}],"predecessor-version":[{"id":15322,"href":"https:\/\/dgospel.com.br\/portal\/index.php\/wp-json\/wp\/v2\/posts\/15320\/revisions\/15322"}],"wp:featuredmedia":[{"embeddable":true,"href":"https:\/\/dgospel.com.br\/portal\/index.php\/wp-json\/wp\/v2\/media\/15321"}],"wp:attachment":[{"href":"https:\/\/dgospel.com.br\/portal\/index.php\/wp-json\/wp\/v2\/media?parent=15320"}],"wp:term":[{"taxonomy":"category","embeddable":true,"href":"https:\/\/dgospel.com.br\/portal\/index.php\/wp-json\/wp\/v2\/categories?post=15320"},{"taxonomy":"post_tag","embeddable":true,"href":"https:\/\/dgospel.com.br\/portal\/index.php\/wp-json\/wp\/v2\/tags?post=15320"}],"curies":[{"name":"wp","href":"https:\/\/api.w.org\/{rel}","templated":true}]}}