{"id":15323,"date":"2023-04-03T09:50:51","date_gmt":"2023-04-03T12:50:51","guid":{"rendered":"http:\/\/dgospel.com.br\/portal\/?p=15323"},"modified":"2023-04-03T09:50:51","modified_gmt":"2023-04-03T12:50:51","slug":"arcabouco-do-pt-vai-produzir-altos-impostos-alerta-ex-presidente-do-banco-central","status":"publish","type":"post","link":"https:\/\/dgospel.com.br\/portal\/index.php\/2023\/04\/03\/arcabouco-do-pt-vai-produzir-altos-impostos-alerta-ex-presidente-do-banco-central\/","title":{"rendered":"Arcabou\u00e7o do PT vai produzir altos impostos, alerta\u00a0ex-presidente do Banco Central"},"content":{"rendered":"\n<p>O ex-presidente do Banco Central, Affonso Celso Pastore, emitiu sua opini\u00e3o acerca do arcabou\u00e7o fiscal apresentado pela equipe econ\u00f4mica do governo Lula (PT). Para ele, ser\u00e1 necess\u00e1rio aumentar a carga tribut\u00e1ria para que se consiga harmonizar a rela\u00e7\u00e3o entre d\u00edvida e PIB do pa\u00eds.<\/p>\n\n\n\n<p>\u2013 Se o governo aprovar esse arcabou\u00e7o, ele obt\u00e9m uma licen\u00e7a para aumentar gastos. Se ele n\u00e3o aumentar a carga tribut\u00e1ria, o super\u00e1vit prim\u00e1rio n\u00e3o vai ser gerado \u2013 disse Pastore ao Estad\u00e3o.<\/p>\n\n\n\n<p>Esse novo arcabou\u00e7o, apresentado pelo PT, carece do aumento das receitas do governo para obter \u00eaxito, logo, o governo ter\u00e1 de arrecadar mais, via tributa\u00e7\u00e3o. Ainda mais um governo obeso, pr\u00f3digo, com 37 minist\u00e9rios.<\/p>\n\n\n\n<p>\u2013 N\u00f3s vamos ter de aumentar a carga tribut\u00e1ria e a pergunta que fica para, talvez, o ministro responder \u00e9 quem ele vai escolher para subir a carga. Essa equa\u00e7\u00e3o s\u00f3 fecha com aumento brutal de carga tribut\u00e1ria \u2013 advertiu o economista.<\/p>\n","protected":false},"excerpt":{"rendered":"<p>O ex-presidente do Banco Central, Affonso Celso Pastore, emitiu sua opini\u00e3o acerca do arcabou\u00e7o fiscal apresentado pela equipe econ\u00f4mica do governo Lula (PT). Para ele, ser\u00e1 necess\u00e1rio aumentar a carga tribut\u00e1ria para que se consiga harmonizar a rela\u00e7\u00e3o entre d\u00edvida e PIB do pa\u00eds. \u2013 Se o governo aprovar esse arcabou\u00e7o, ele obt\u00e9m uma licen\u00e7a [&hellip;]<\/p>\n","protected":false},"author":2,"featured_media":15324,"comment_status":"open","ping_status":"open","sticky":false,"template":"","format":"standard","meta":[],"categories":[10],"tags":[],"_links":{"self":[{"href":"https:\/\/dgospel.com.br\/portal\/index.php\/wp-json\/wp\/v2\/posts\/15323"}],"collection":[{"href":"https:\/\/dgospel.com.br\/portal\/index.php\/wp-json\/wp\/v2\/posts"}],"about":[{"href":"https:\/\/dgospel.com.br\/portal\/index.php\/wp-json\/wp\/v2\/types\/post"}],"author":[{"embeddable":true,"href":"https:\/\/dgospel.com.br\/portal\/index.php\/wp-json\/wp\/v2\/users\/2"}],"replies":[{"embeddable":true,"href":"https:\/\/dgospel.com.br\/portal\/index.php\/wp-json\/wp\/v2\/comments?post=15323"}],"version-history":[{"count":1,"href":"https:\/\/dgospel.com.br\/portal\/index.php\/wp-json\/wp\/v2\/posts\/15323\/revisions"}],"predecessor-version":[{"id":15325,"href":"https:\/\/dgospel.com.br\/portal\/index.php\/wp-json\/wp\/v2\/posts\/15323\/revisions\/15325"}],"wp:featuredmedia":[{"embeddable":true,"href":"https:\/\/dgospel.com.br\/portal\/index.php\/wp-json\/wp\/v2\/media\/15324"}],"wp:attachment":[{"href":"https:\/\/dgospel.com.br\/portal\/index.php\/wp-json\/wp\/v2\/media?parent=15323"}],"wp:term":[{"taxonomy":"category","embeddable":true,"href":"https:\/\/dgospel.com.br\/portal\/index.php\/wp-json\/wp\/v2\/categories?post=15323"},{"taxonomy":"post_tag","embeddable":true,"href":"https:\/\/dgospel.com.br\/portal\/index.php\/wp-json\/wp\/v2\/tags?post=15323"}],"curies":[{"name":"wp","href":"https:\/\/api.w.org\/{rel}","templated":true}]}}