{"id":15329,"date":"2023-04-03T11:47:13","date_gmt":"2023-04-03T14:47:13","guid":{"rendered":"http:\/\/dgospel.com.br\/portal\/?p=15329"},"modified":"2023-04-03T11:47:14","modified_gmt":"2023-04-03T14:47:14","slug":"centro-direita-vence-eleicoes-na-finlandia-e-impoe-derrota-a-esquerda","status":"publish","type":"post","link":"https:\/\/dgospel.com.br\/portal\/index.php\/2023\/04\/03\/centro-direita-vence-eleicoes-na-finlandia-e-impoe-derrota-a-esquerda\/","title":{"rendered":"Centro-direita vence elei\u00e7\u00f5es na Finl\u00e2ndia e imp\u00f5e derrota \u00e0 esquerda"},"content":{"rendered":"\n<p>O Partido da Coaliz\u00e3o Nacional da Finl\u00e2ndia, de centro-direita, conseguiu 20,7% dos votos nas elei\u00e7\u00f5es realizadas no domingo 2. Com o resultado, deve assegurar 48 cadeiras das 200 do Parlamento. Em segundo lugar ficou o Partido dos Finlandeses, de direita, que ter\u00e1 46 assentos. O maior derrotado nas elei\u00e7\u00f5es foi o partido de centro-esquerda, liderado pela atual premi\u00ea&nbsp;<a href=\"https:\/\/twitter.com\/MarinSanna\" target=\"_blank\" rel=\"noreferrer noopener\"><strong>Sanna Marin<\/strong><\/a>, com 43 cadeiras.<\/p>\n\n\n\n<p>\u201c\u00c9 uma grande vit\u00f3ria\u201d, celebrou Petteri Orpo, l\u00edder da Coaliz\u00e3o Nacional e que ocupou o posto de vice-premi\u00ea, entre 2017 e 2019. \u201cVamos come\u00e7ar as negocia\u00e7\u00f5es para um governo na Finl\u00e2ndia.\u201d<\/p>\n\n\n\n<p>Em suas primeiras declara\u00e7\u00f5es, Sanna Marin, que em 2019 atraiu as aten\u00e7\u00f5es ao se tornar a mais jovem chefe de governo do mundo, com 34 anos, reconheceu a derrota antes mesmo da confirma\u00e7\u00e3o dos n\u00fameros finais.<\/p>\n\n\n\n<p>As negocia\u00e7\u00f5es para a forma\u00e7\u00e3o de um novo governo ainda n\u00e3o come\u00e7aram, mas existe a possiblidade de que o Partido dos Finlandeses tenha voz no novo gabinete. Defensor de pol\u00edticas alinhadas a setores de direita, o partido \u00e9 cr\u00edtico do aumento dos gastos sociais, uma das marcas do governo de Marin, da integra\u00e7\u00e3o com a Uni\u00e3o Europeia e de pol\u00edticas relacionadas a imigrantes e refugiados.<\/p>\n\n\n\n<p>Durante a campanha, a alta da d\u00edvida p\u00fablica e a pol\u00edtica econ\u00f4mica do governo foram criticadas pelos advers\u00e1rios de Marin. \u201cA pol\u00edtica econ\u00f4mica neste per\u00edodo foi muito esquerdista\u201d, disse Elina Valtonen, vice-presidente da Coaliz\u00e3o Nacional, ao jornal&nbsp;<em>El Mundo<\/em>.<\/p>\n\n\n\n<p>A l\u00edder de direita, Riikka Purra, comemorou diante de seus apoiadores o \u201cmelhor resultado eleitoral\u201d da hist\u00f3ria de seu partido.<\/p>\n","protected":false},"excerpt":{"rendered":"<p>O Partido da Coaliz\u00e3o Nacional da Finl\u00e2ndia, de centro-direita, conseguiu 20,7% dos votos nas elei\u00e7\u00f5es realizadas no domingo 2. Com o resultado, deve assegurar 48 cadeiras das 200 do Parlamento. Em segundo lugar ficou o Partido dos Finlandeses, de direita, que ter\u00e1 46 assentos. O maior derrotado nas elei\u00e7\u00f5es foi o partido de centro-esquerda, liderado [&hellip;]<\/p>\n","protected":false},"author":2,"featured_media":15330,"comment_status":"open","ping_status":"open","sticky":false,"template":"","format":"standard","meta":[],"categories":[16],"tags":[],"_links":{"self":[{"href":"https:\/\/dgospel.com.br\/portal\/index.php\/wp-json\/wp\/v2\/posts\/15329"}],"collection":[{"href":"https:\/\/dgospel.com.br\/portal\/index.php\/wp-json\/wp\/v2\/posts"}],"about":[{"href":"https:\/\/dgospel.com.br\/portal\/index.php\/wp-json\/wp\/v2\/types\/post"}],"author":[{"embeddable":true,"href":"https:\/\/dgospel.com.br\/portal\/index.php\/wp-json\/wp\/v2\/users\/2"}],"replies":[{"embeddable":true,"href":"https:\/\/dgospel.com.br\/portal\/index.php\/wp-json\/wp\/v2\/comments?post=15329"}],"version-history":[{"count":1,"href":"https:\/\/dgospel.com.br\/portal\/index.php\/wp-json\/wp\/v2\/posts\/15329\/revisions"}],"predecessor-version":[{"id":15331,"href":"https:\/\/dgospel.com.br\/portal\/index.php\/wp-json\/wp\/v2\/posts\/15329\/revisions\/15331"}],"wp:featuredmedia":[{"embeddable":true,"href":"https:\/\/dgospel.com.br\/portal\/index.php\/wp-json\/wp\/v2\/media\/15330"}],"wp:attachment":[{"href":"https:\/\/dgospel.com.br\/portal\/index.php\/wp-json\/wp\/v2\/media?parent=15329"}],"wp:term":[{"taxonomy":"category","embeddable":true,"href":"https:\/\/dgospel.com.br\/portal\/index.php\/wp-json\/wp\/v2\/categories?post=15329"},{"taxonomy":"post_tag","embeddable":true,"href":"https:\/\/dgospel.com.br\/portal\/index.php\/wp-json\/wp\/v2\/tags?post=15329"}],"curies":[{"name":"wp","href":"https:\/\/api.w.org\/{rel}","templated":true}]}}