{"id":15332,"date":"2023-04-03T11:57:21","date_gmt":"2023-04-03T14:57:21","guid":{"rendered":"http:\/\/dgospel.com.br\/portal\/?p=15332"},"modified":"2023-04-03T11:57:22","modified_gmt":"2023-04-03T14:57:22","slug":"equador-autoriza-porte-de-armas-de-uso-civil-para-defesa-pessoal","status":"publish","type":"post","link":"https:\/\/dgospel.com.br\/portal\/index.php\/2023\/04\/03\/equador-autoriza-porte-de-armas-de-uso-civil-para-defesa-pessoal\/","title":{"rendered":"Equador autoriza porte de armas de uso civil para defesa pessoal"},"content":{"rendered":"\n<p>Em meio a uma onda de viol\u00eancia e ao aumento de assassinatos e sequestros, o presidente do Equador,<a href=\"https:\/\/twitter.com\/LassoGuillermo\">&nbsp;<strong>Guillermo Lasso<\/strong><\/a>, autorizou, de maneira emergencial, o porte e a posse de armas de fogo para defesa pessoal em todo o pa\u00eds. A medida passou a valer no domingo 2 e tamb\u00e9m permite o uso de&nbsp;<em>spray<\/em>&nbsp;de pimenta.<\/p>\n\n\n\n<p>O presidente tamb\u00e9m decretou estado de emerg\u00eancia para a Zona 8, que inclui Guayaquil, a maior cidade e centro econ\u00f4mico do pa\u00eds, al\u00e9m de Dur\u00e1n e Samborond\u00f3n. Nessas localidades, come\u00e7ou no domingo a vigorar um toque de recolher, entre 1 hora e 5 horas.<\/p>\n\n\n\n<p>Ao anunciar as medidas, Lasso afirmou que \u201cos seguran\u00e7as privados v\u00e3o apoiar a Pol\u00edcia Nacional nas tarefas de vigil\u00e2ncia e seguran\u00e7a, portando as suas armas nos locais de trabalho\u201d. No Twitter, escreveu: \u201cO maior medo hoje \u00e9 se sentir inseguro. Por isso, anunciamos tr\u00eas medidas imediatas nesta Cruzada por Seguran\u00e7a, para combater o maior inimigo que temos, que \u00e9 a criminalidade, o narcotr\u00e1fico e o crime organizado.\u201d<\/p>\n\n\n\n<p><\/p>\n\n\n\n<figure class=\"wp-block-image size-full\"><img loading=\"lazy\" width=\"566\" height=\"411\" src=\"http:\/\/dgospel.com.br\/portal\/wp-content\/uploads\/2023\/04\/00-1.jpg\" alt=\"\" class=\"wp-image-15334\" srcset=\"https:\/\/dgospel.com.br\/portal\/wp-content\/uploads\/2023\/04\/00-1.jpg 566w, https:\/\/dgospel.com.br\/portal\/wp-content\/uploads\/2023\/04\/00-1-300x218.jpg 300w\" sizes=\"(max-width: 566px) 100vw, 566px\" \/><\/figure>\n\n\n\n<p>De acordo com o decreto, o governo vai estabelecer registro informatizado de armas e formas de controle, mas est\u00e1 proibida a fabrica\u00e7\u00e3o, o registo e a posse de armas artesanais.<\/p>\n\n\n\n<p>A libera\u00e7\u00e3o do porte e da posse de armas, que foi uma promessa de campanha de Lasso, de direita, ocorre em meio a uma onda de assassinatos, ataques a funcion\u00e1rios p\u00fablicos, aumento de casos de extors\u00e3o e sequestros, que afetam cidad\u00e3os de diferentes partes do pa\u00eds, segundo informa\u00e7\u00f5es da m\u00eddia local. No caso de Guayaquil, a taxa de homic\u00eddios passou de 17 para 100 mil habitantes, segundo dados do governo.<\/p>\n\n\n\n<p>A oposi\u00e7\u00e3o tamb\u00e9m lembrou que a Corte Constitucional do Equador autorizou o julgamento pol\u00edtico de Lasso, por peculato, crime que o presidente nega.<\/p>\n\n\n\n<p>O porte de armas no Equador est\u00e1 previsto na legisla\u00e7\u00e3o desde a d\u00e9cada de 1980, mas foi suspenso em 2009, quando Rafael Correa era presidente.<\/p>\n\n\n\n<p>Um dos primeiros a criticar a medida de Lasso foi justamente Correa, presidente do Equador entre 2007 e 2017. \u201cSegundo um inepto desalmado como Lasso, a \u2018guerra\u2019 \u00e9 cidad\u00e3o-criminosos e n\u00e3o crime-Estado. Por isso o porte de armas! A solu\u00e7\u00e3o \u00e9 que, com exce\u00e7\u00e3o da for\u00e7a p\u00fablica, ningu\u00e9m porta armas, a come\u00e7ar pelos criminosos, e isso \u00e9 poss\u00edvel. J\u00e1 fizemos isso.\u201d<\/p>\n\n\n\n<p>J\u00e1 o deputado do Partido Social Crist\u00e3o Esteban Torres Cobo qualificou a medida como \u201ctardia, mas positiva\u201d . \u201cA posse e o porte de armas para civis, promessa de campanha n\u00e3o cumprida, chega com dois anos de atraso, mas \u00e9 positivo e necess\u00e1rio\u201d, afirmou, em sua conta no Twitter.<\/p>\n\n\n\n<p>Em outra postagem, afirmou que \u201co desarmamento total \u00e9 uma utopia\u201d. \u201cTodas as tentativas de desarmamento ao longo da hist\u00f3ria falharam, incluindo a do Reino Unido. As pol\u00edticas de desarmamento t\u00eam sido cumpridas apenas pelos cidad\u00e3os que cumprem a lei. Os criminosos n\u00e3o a cumprem.\u201d<\/p>\n\n\n\n<p><\/p>\n\n\n\n<figure class=\"wp-block-image size-full\"><img loading=\"lazy\" width=\"566\" height=\"413\" src=\"http:\/\/dgospel.com.br\/portal\/wp-content\/uploads\/2023\/04\/00.jpg\" alt=\"\" class=\"wp-image-15333\" srcset=\"https:\/\/dgospel.com.br\/portal\/wp-content\/uploads\/2023\/04\/00.jpg 566w, https:\/\/dgospel.com.br\/portal\/wp-content\/uploads\/2023\/04\/00-300x219.jpg 300w\" sizes=\"(max-width: 566px) 100vw, 566px\" \/><\/figure>\n","protected":false},"excerpt":{"rendered":"<p>Em meio a uma onda de viol\u00eancia e ao aumento de assassinatos e sequestros, o presidente do Equador,&nbsp;Guillermo Lasso, autorizou, de maneira emergencial, o porte e a posse de armas de fogo para defesa pessoal em todo o pa\u00eds. A medida passou a valer no domingo 2 e tamb\u00e9m permite o uso de&nbsp;spray&nbsp;de pimenta. O [&hellip;]<\/p>\n","protected":false},"author":2,"featured_media":15335,"comment_status":"open","ping_status":"open","sticky":false,"template":"","format":"standard","meta":[],"categories":[16],"tags":[],"_links":{"self":[{"href":"https:\/\/dgospel.com.br\/portal\/index.php\/wp-json\/wp\/v2\/posts\/15332"}],"collection":[{"href":"https:\/\/dgospel.com.br\/portal\/index.php\/wp-json\/wp\/v2\/posts"}],"about":[{"href":"https:\/\/dgospel.com.br\/portal\/index.php\/wp-json\/wp\/v2\/types\/post"}],"author":[{"embeddable":true,"href":"https:\/\/dgospel.com.br\/portal\/index.php\/wp-json\/wp\/v2\/users\/2"}],"replies":[{"embeddable":true,"href":"https:\/\/dgospel.com.br\/portal\/index.php\/wp-json\/wp\/v2\/comments?post=15332"}],"version-history":[{"count":1,"href":"https:\/\/dgospel.com.br\/portal\/index.php\/wp-json\/wp\/v2\/posts\/15332\/revisions"}],"predecessor-version":[{"id":15336,"href":"https:\/\/dgospel.com.br\/portal\/index.php\/wp-json\/wp\/v2\/posts\/15332\/revisions\/15336"}],"wp:featuredmedia":[{"embeddable":true,"href":"https:\/\/dgospel.com.br\/portal\/index.php\/wp-json\/wp\/v2\/media\/15335"}],"wp:attachment":[{"href":"https:\/\/dgospel.com.br\/portal\/index.php\/wp-json\/wp\/v2\/media?parent=15332"}],"wp:term":[{"taxonomy":"category","embeddable":true,"href":"https:\/\/dgospel.com.br\/portal\/index.php\/wp-json\/wp\/v2\/categories?post=15332"},{"taxonomy":"post_tag","embeddable":true,"href":"https:\/\/dgospel.com.br\/portal\/index.php\/wp-json\/wp\/v2\/tags?post=15332"}],"curies":[{"name":"wp","href":"https:\/\/api.w.org\/{rel}","templated":true}]}}