{"id":15344,"date":"2023-04-03T12:18:48","date_gmt":"2023-04-03T15:18:48","guid":{"rendered":"http:\/\/dgospel.com.br\/portal\/?p=15344"},"modified":"2023-04-03T12:18:49","modified_gmt":"2023-04-03T15:18:49","slug":"em-3-meses-de-governo-lula-ja-tem-120-representacoes-na-pgr","status":"publish","type":"post","link":"https:\/\/dgospel.com.br\/portal\/index.php\/2023\/04\/03\/em-3-meses-de-governo-lula-ja-tem-120-representacoes-na-pgr\/","title":{"rendered":"Em 3 meses de governo, Lula j\u00e1 tem 120 representa\u00e7\u00f5es na PGR"},"content":{"rendered":"\n<p>A oposi\u00e7\u00e3o tem se intensificado contra Lula, utilizando a Procuradoria-Geral da Rep\u00fablica. At\u00e9 o momento, j\u00e1 foram protocoladas 120 representa\u00e7\u00f5es contra o atual presidente da Rep\u00fablica, em apenas 90 dias de governo.<a rel=\"noreferrer noopener\" href=\"https:\/\/www.assembleia.pr.leg.br\/\" target=\"_blank\"><\/a><\/p>\n\n\n\n<p>Entretanto, a estrat\u00e9gia tem tido pouco sucesso, com 70 dessas representa\u00e7\u00f5es j\u00e1 tendo sido arquivadas pela PGR. As outras 50 est\u00e3o sob an\u00e1lise do corpo da procuradoria, mas ainda \u00e9 incerto se ser\u00e3o levadas adiante.<br>Vale ressaltar que, no governo Bolsonaro, a esquerda tamb\u00e9m recorreu a essa mesma t\u00e1tica em massa.<\/p>\n","protected":false},"excerpt":{"rendered":"<p>A oposi\u00e7\u00e3o tem se intensificado contra Lula, utilizando a Procuradoria-Geral da Rep\u00fablica. At\u00e9 o momento, j\u00e1 foram protocoladas 120 representa\u00e7\u00f5es contra o atual presidente da Rep\u00fablica, em apenas 90 dias de governo. Entretanto, a estrat\u00e9gia tem tido pouco sucesso, com 70 dessas representa\u00e7\u00f5es j\u00e1 tendo sido arquivadas pela PGR. As outras 50 est\u00e3o sob an\u00e1lise [&hellip;]<\/p>\n","protected":false},"author":2,"featured_media":15345,"comment_status":"open","ping_status":"open","sticky":false,"template":"","format":"standard","meta":[],"categories":[4],"tags":[],"_links":{"self":[{"href":"https:\/\/dgospel.com.br\/portal\/index.php\/wp-json\/wp\/v2\/posts\/15344"}],"collection":[{"href":"https:\/\/dgospel.com.br\/portal\/index.php\/wp-json\/wp\/v2\/posts"}],"about":[{"href":"https:\/\/dgospel.com.br\/portal\/index.php\/wp-json\/wp\/v2\/types\/post"}],"author":[{"embeddable":true,"href":"https:\/\/dgospel.com.br\/portal\/index.php\/wp-json\/wp\/v2\/users\/2"}],"replies":[{"embeddable":true,"href":"https:\/\/dgospel.com.br\/portal\/index.php\/wp-json\/wp\/v2\/comments?post=15344"}],"version-history":[{"count":1,"href":"https:\/\/dgospel.com.br\/portal\/index.php\/wp-json\/wp\/v2\/posts\/15344\/revisions"}],"predecessor-version":[{"id":15346,"href":"https:\/\/dgospel.com.br\/portal\/index.php\/wp-json\/wp\/v2\/posts\/15344\/revisions\/15346"}],"wp:featuredmedia":[{"embeddable":true,"href":"https:\/\/dgospel.com.br\/portal\/index.php\/wp-json\/wp\/v2\/media\/15345"}],"wp:attachment":[{"href":"https:\/\/dgospel.com.br\/portal\/index.php\/wp-json\/wp\/v2\/media?parent=15344"}],"wp:term":[{"taxonomy":"category","embeddable":true,"href":"https:\/\/dgospel.com.br\/portal\/index.php\/wp-json\/wp\/v2\/categories?post=15344"},{"taxonomy":"post_tag","embeddable":true,"href":"https:\/\/dgospel.com.br\/portal\/index.php\/wp-json\/wp\/v2\/tags?post=15344"}],"curies":[{"name":"wp","href":"https:\/\/api.w.org\/{rel}","templated":true}]}}