{"id":15354,"date":"2023-04-03T12:32:28","date_gmt":"2023-04-03T15:32:28","guid":{"rendered":"http:\/\/dgospel.com.br\/portal\/?p=15354"},"modified":"2023-04-03T12:32:29","modified_gmt":"2023-04-03T15:32:29","slug":"governo-do-tocantins-entrega-livros-do-programa-recomecar-nas-escolas","status":"publish","type":"post","link":"https:\/\/dgospel.com.br\/portal\/index.php\/2023\/04\/03\/governo-do-tocantins-entrega-livros-do-programa-recomecar-nas-escolas\/","title":{"rendered":"Governo do Tocantins entrega livros do programa Recome\u00e7ar nas escolas"},"content":{"rendered":"\n<p>O Governo do Tocantins, por meio da Secretaria da Educa\u00e7\u00e3o (Seduc), entregar\u00e1 aos estudantes livros espec\u00edficos do Programa de Recomposi\u00e7\u00e3o das Aprendizagens (Recome\u00e7ar), que s\u00e3o os volumes do projeto Aprova Brasil. A partir das avalia\u00e7\u00f5es realizadas no ano passado, foi poss\u00edvel conhecer as lacunas de aprendizagens e elaborar um planejamento estrat\u00e9gico para ampliar a qualidade do ensino e da aprendizagem. Com o programa Recome\u00e7ar, o Governo do Tocantins est\u00e1 investindo R$ 49 milh\u00f5es com as aquisi\u00e7\u00f5es dos livros, de recursos digitais e forma\u00e7\u00e3o de professores, beneficiando 140 mil estudantes da rede estadual.<\/p>\n\n\n\n<p>Os livros do Aprova Brasil diferem dos livros did\u00e1ticos porque os alunos n\u00e3o precisam devolver e trazem de forma clara e resumida os conte\u00fados de L\u00edngua Portuguesa e Matem\u00e1tica de cada ano\/s\u00e9rie.<\/p>\n\n\n\n<p>A educadora Marcia Brasileiro, diretora de Educa\u00e7\u00e3o B\u00e1sica da Seduc, ressaltou que a Pasta implantou o programa Recome\u00e7ar em 2022, que foi elaborado para reduzir as perdas do processo de aprendizagem decorrentes do ensino n\u00e3o presencial no per\u00edodo pand\u00eamico. \u201cA metodologia do programa foca nos seguintes eixos de trabalho; o diagn\u00f3stico sobre o n\u00edvel de aprendizagens dos estudantes, a recomposi\u00e7\u00e3o, as atividades em sala de aula, avalia\u00e7\u00f5es cont\u00ednuas e monitoramento\u201d, frisou Marcia Brasileiro.<\/p>\n\n\n\n<p>Al\u00e9m do material escrito, ser\u00e3o realizados, no decorrer do ano, quatro forma\u00e7\u00f5es para professores, com foco na an\u00e1lise dos resultados dos simulados aplicados.<\/p>\n\n\n\n<p><strong>Os livros<\/strong><\/p>\n\n\n\n<p>Terezinha Macedo, coordenadora pedag\u00f3gica da Escola Estadual Novo Horizonte, em Palmas, ressaltou que os livros tiverem uma \u00f3tima aprova\u00e7\u00e3o tanto por parte dos professores, quanto dos estudantes. A escola j\u00e1 trabalha com a cole\u00e7\u00e3o Aprova Brasil desde 2021, com o retorno das aulas presenciais, ap\u00f3s o per\u00edodo de aulas remotas por causa da pandemia da covid-19. \u201c\u00c9 um livro mais simples, que traz o resumo dos principais temas de estudos, com uma linguagem acess\u00edvel e com espa\u00e7os para os estudantes responderem aos exerc\u00edcios\u201d, explicou Terezinha.<\/p>\n\n\n\n<p>Os guias de estudos foram elaborados tendo como base as matrizes curriculares do Sistema de Avalia\u00e7\u00e3o da Educa\u00e7\u00e3o B\u00e1sica (Saeb) pela empresa Solu\u00e7\u00f5es Modernas, parceira da Seduc. Al\u00e9m dos livros para os alunos, h\u00e1 exemplares para o professor, para o coordenador pedag\u00f3gico, os simulados com as folhas de respostas e diversos recursos digitais.<\/p>\n\n\n\n<p>A estudante Sarah R\u00fabia Sena Miranda, 14 anos, aluna do 9\u00b0 ano do ensino fundamental, j\u00e1 conhecia o material. \u201cO livro traz os temas de forma bem explicada e n\u00e3o tivemos dificuldade com os estudos\u201d, afirmou.<\/p>\n\n\n\n<p>Ester Costa de Deus, 14 anos, aluna tamb\u00e9m do 9\u00b0 ano do ensino fundamental, contou que j\u00e1 est\u00e1 na expectativa de receber seus exemplares. \u201cEu n\u00e3o conhecia esses livros e percebi que neles h\u00e1 abordagem dos assuntos de forma atrativa\u201d, frisou.<\/p>\n\n\n\n<p>O estudante Eduardo Muniz, 14 anos, do 9\u00b0 ano do ensino fundamental, tamb\u00e9m comentou sobre os livros. \u201cGostei muito deles, porque n\u00e3o precisamos copiar as perguntas no caderno, eu posso responder \u00e0s quest\u00f5es nos pr\u00f3prios livros, que traz uma \u00f3tima base de estudos\u201d, ressaltou.<\/p>\n\n\n\n<p><strong>Em Santa Tereza<\/strong><\/p>\n\n\n\n<p>A professora Mara Aparecida Carvalho Barbosa, que leciona L\u00edngua Portuguesa e Inglesa, na Escola Estadual Professor Manoel Silv\u00e9rio Dourado, em Santa Tereza, ressaltou que os livros t\u00eam o foco nas compet\u00eancias e habilidades necess\u00e1rias para a realiza\u00e7\u00e3o da Prova Brasil. \u201cOs livros do programa contam com atividades voltadas para a compet\u00eancia leitora e a resolu\u00e7\u00e3o de problemas. O material ir\u00e1 auxiliar e refor\u00e7ar os conte\u00fados que ser\u00e3o trabalhados regularmente, visando sanar as dificuldades dos discentes\u201d, comentou.<\/p>\n\n\n\n<p>O estudante Daniel C\u00e2ndido, 14 anos, da Escola Estadual Professor Manoel Silv\u00e9rio Dourado, localizada em Santa Tereza do Tocantins, ressaltou que os exemplares v\u00e3o ajudar &nbsp;a adquirir mais conhecimentos e avaliar a aprendizagem.<\/p>\n\n\n\n<p>Douglas Vin\u00edcius Lima dos Santos, 16 anos, aluno da 2\u00aa s\u00e9rie do Ensino M\u00e9dio, destacou a import\u00e2ncia de os livros serem distribu\u00eddos no in\u00edcio do ano letivo. \u201cEles trazem conte\u00fados essenciais para nos prepararmos para as avalia\u00e7\u00f5es escolares e apresentam uma abordagem did\u00e1tica simples e eficiente\u201d, explicou.<\/p>\n\n\n\n<p><img src=\"https:\/\/central.to.gov.br\/image\/324075?w=670&amp;h=383\"><\/p>\n\n\n\n<p>Aluno Eduardo Muniz disse que gosta da praticidade dos exerc\u00edcios &#8211; Marcio Vieira\/Governo do Tocantins<\/p>\n\n\n\n<p><img src=\"https:\/\/central.to.gov.br\/image\/324073?w=670&amp;h=383\"><\/p>\n\n\n\n<p>Aluna Sarah R\u00fabia Sena se mostrou feliz com as obras que recebeu &#8211; Marcio Vieira\/Governo do Tocantins\u00a0<\/p>\n\n\n\n<p><img src=\"https:\/\/central.to.gov.br\/image\/324071?w=670&amp;h=383\"><\/p>\n\n\n\n<p>Terezinha Macedo explicou que os estudantes e professores gostaram muito dos livros &#8211; Marcio Vieira\/Governo do Tocantins<\/p>\n","protected":false},"excerpt":{"rendered":"<p>O Governo do Tocantins, por meio da Secretaria da Educa\u00e7\u00e3o (Seduc), entregar\u00e1 aos estudantes livros espec\u00edficos do Programa de Recomposi\u00e7\u00e3o das Aprendizagens (Recome\u00e7ar), que s\u00e3o os volumes do projeto Aprova Brasil. A partir das avalia\u00e7\u00f5es realizadas no ano passado, foi poss\u00edvel conhecer as lacunas de aprendizagens e elaborar um planejamento estrat\u00e9gico para ampliar a qualidade [&hellip;]<\/p>\n","protected":false},"author":2,"featured_media":15355,"comment_status":"open","ping_status":"open","sticky":false,"template":"","format":"standard","meta":[],"categories":[3],"tags":[13],"_links":{"self":[{"href":"https:\/\/dgospel.com.br\/portal\/index.php\/wp-json\/wp\/v2\/posts\/15354"}],"collection":[{"href":"https:\/\/dgospel.com.br\/portal\/index.php\/wp-json\/wp\/v2\/posts"}],"about":[{"href":"https:\/\/dgospel.com.br\/portal\/index.php\/wp-json\/wp\/v2\/types\/post"}],"author":[{"embeddable":true,"href":"https:\/\/dgospel.com.br\/portal\/index.php\/wp-json\/wp\/v2\/users\/2"}],"replies":[{"embeddable":true,"href":"https:\/\/dgospel.com.br\/portal\/index.php\/wp-json\/wp\/v2\/comments?post=15354"}],"version-history":[{"count":1,"href":"https:\/\/dgospel.com.br\/portal\/index.php\/wp-json\/wp\/v2\/posts\/15354\/revisions"}],"predecessor-version":[{"id":15356,"href":"https:\/\/dgospel.com.br\/portal\/index.php\/wp-json\/wp\/v2\/posts\/15354\/revisions\/15356"}],"wp:featuredmedia":[{"embeddable":true,"href":"https:\/\/dgospel.com.br\/portal\/index.php\/wp-json\/wp\/v2\/media\/15355"}],"wp:attachment":[{"href":"https:\/\/dgospel.com.br\/portal\/index.php\/wp-json\/wp\/v2\/media?parent=15354"}],"wp:term":[{"taxonomy":"category","embeddable":true,"href":"https:\/\/dgospel.com.br\/portal\/index.php\/wp-json\/wp\/v2\/categories?post=15354"},{"taxonomy":"post_tag","embeddable":true,"href":"https:\/\/dgospel.com.br\/portal\/index.php\/wp-json\/wp\/v2\/tags?post=15354"}],"curies":[{"name":"wp","href":"https:\/\/api.w.org\/{rel}","templated":true}]}}