{"id":15357,"date":"2023-04-05T10:09:51","date_gmt":"2023-04-05T13:09:51","guid":{"rendered":"http:\/\/dgospel.com.br\/portal\/?p=15357"},"modified":"2023-04-05T10:09:52","modified_gmt":"2023-04-05T13:09:52","slug":"no-lancamento-agrotins-gipao-destaca-importancia-da-feira-para-o-desenvolvimento-do-estado","status":"publish","type":"post","link":"https:\/\/dgospel.com.br\/portal\/index.php\/2023\/04\/05\/no-lancamento-agrotins-gipao-destaca-importancia-da-feira-para-o-desenvolvimento-do-estado\/","title":{"rendered":"No lan\u00e7amento Agrotins Gip\u00e3o destaca import\u00e2ncia da feira para o desenvolvimento do estado"},"content":{"rendered":"\n<p>O deputado estadual, Aldair Costa (Gip\u00e3o), participou na manh\u00e3 desta quarta-feira (04), do lan\u00e7amento oficial da 23\u00aa edi\u00e7\u00e3o da Feira de Tecnologia Agropecu\u00e1ria do Tocantins (Agrotins), no Pal\u00e1cio Araguaia, considerada a maior feira tecnol\u00f3gica voltada para o agroneg\u00f3cio do norte do pa\u00eds.<\/p>\n\n\n\n<p>Na oportunidade, o parlamentar destacou a import\u00e2ncia da realiza\u00e7\u00e3o do evento para a agricultura familiar do estado.<\/p>\n\n\n\n<p>\u201cA agricultura familiar \u00e9 sempre beneficiada com a realiza\u00e7\u00e3o deste evento, tendo em vista, que nossos produtores passam a conhecer alternativas diferenciadas de produ\u00e7\u00e3o para gerar renda em suas propriedades. Eu Acredito que o prop\u00f3sito principal da Agrotins seja esse: auxiliar o nosso produtor rural, apresentando tecnologias seguras de produ\u00e7\u00e3o, para que obtenha bons resultados, produzindo com mais qualidade, em menos tempo, diminuindo os impactos ambientais, para atender com excel\u00eancia as demandas do mercado consumidor e sobretudo gerando emprego para o povo e promovendo o desenvolvimento do nosso estado\u201d, afirmou Gip\u00e3o.<\/p>\n\n\n\n<p>A cerim\u00f4nia contou com a presen\u00e7a do governador Wanderlei Barbosa, de representantes do agroneg\u00f3cio, autoridades pol\u00edticas e membros da sociedade civil, que aproveitaram para conhecer as novidades desta nova edi\u00e7\u00e3o. Este ano, a feira vai abordar o tema \u201cCompliance no Agro\u201d, express\u00e3o que remete \u00e0 a\u00e7\u00e3o direcionada, legalidade e conformidade \u00e0s normas e ter\u00e1 investimento de cerca de R$ 6.000.000,00 (seis milh\u00f5es de reais) do Governo do Estado.<\/p>\n\n\n\n<p>Gip\u00e3o ainda destacou os resultados positivos dessa intera\u00e7\u00e3o com o produtor rural.<\/p>\n\n\n\n<p>\u201cEssa comunica\u00e7\u00e3o e contato com todos os produtores do nosso estado \u00e9 indispens\u00e1vel. A feira busca o envolvimento e o desenvolvimento de grandes e pequenos produtores. O Tocantins, hoje, est\u00e1 com portas abertas para mais de 100 pa\u00edses e continua visando a comercializa\u00e7\u00e3o do que \u00e9 produzido aqui, no mercado europeu. Estamos em plena expans\u00e3o e faremos o que tiver ao nosso alcance para incentivar o agroneg\u00f3cio no estado\u201d reiterou.<\/p>\n\n\n\n<p>A Agrotins \u00e9 realizada em Palmas desde 2001 e a expectativa para este ano \u00e9 de superar a marca de R$ 3.000.000.000,00 (tr\u00eas bilh\u00f5es de reais) em neg\u00f3cios.<\/p>\n","protected":false},"excerpt":{"rendered":"<p>O deputado estadual, Aldair Costa (Gip\u00e3o), participou na manh\u00e3 desta quarta-feira (04), do lan\u00e7amento oficial da 23\u00aa edi\u00e7\u00e3o da Feira de Tecnologia Agropecu\u00e1ria do Tocantins (Agrotins), no Pal\u00e1cio Araguaia, considerada a maior feira tecnol\u00f3gica voltada para o agroneg\u00f3cio do norte do pa\u00eds. Na oportunidade, o parlamentar destacou a import\u00e2ncia da realiza\u00e7\u00e3o do evento para a [&hellip;]<\/p>\n","protected":false},"author":2,"featured_media":15358,"comment_status":"open","ping_status":"open","sticky":false,"template":"","format":"standard","meta":[],"categories":[8],"tags":[13],"_links":{"self":[{"href":"https:\/\/dgospel.com.br\/portal\/index.php\/wp-json\/wp\/v2\/posts\/15357"}],"collection":[{"href":"https:\/\/dgospel.com.br\/portal\/index.php\/wp-json\/wp\/v2\/posts"}],"about":[{"href":"https:\/\/dgospel.com.br\/portal\/index.php\/wp-json\/wp\/v2\/types\/post"}],"author":[{"embeddable":true,"href":"https:\/\/dgospel.com.br\/portal\/index.php\/wp-json\/wp\/v2\/users\/2"}],"replies":[{"embeddable":true,"href":"https:\/\/dgospel.com.br\/portal\/index.php\/wp-json\/wp\/v2\/comments?post=15357"}],"version-history":[{"count":1,"href":"https:\/\/dgospel.com.br\/portal\/index.php\/wp-json\/wp\/v2\/posts\/15357\/revisions"}],"predecessor-version":[{"id":15359,"href":"https:\/\/dgospel.com.br\/portal\/index.php\/wp-json\/wp\/v2\/posts\/15357\/revisions\/15359"}],"wp:featuredmedia":[{"embeddable":true,"href":"https:\/\/dgospel.com.br\/portal\/index.php\/wp-json\/wp\/v2\/media\/15358"}],"wp:attachment":[{"href":"https:\/\/dgospel.com.br\/portal\/index.php\/wp-json\/wp\/v2\/media?parent=15357"}],"wp:term":[{"taxonomy":"category","embeddable":true,"href":"https:\/\/dgospel.com.br\/portal\/index.php\/wp-json\/wp\/v2\/categories?post=15357"},{"taxonomy":"post_tag","embeddable":true,"href":"https:\/\/dgospel.com.br\/portal\/index.php\/wp-json\/wp\/v2\/tags?post=15357"}],"curies":[{"name":"wp","href":"https:\/\/api.w.org\/{rel}","templated":true}]}}