{"id":15360,"date":"2023-04-05T10:15:54","date_gmt":"2023-04-05T13:15:54","guid":{"rendered":"http:\/\/dgospel.com.br\/portal\/?p=15360"},"modified":"2023-04-05T10:15:55","modified_gmt":"2023-04-05T13:15:55","slug":"banco-mundial-enaltece-gestao-de-jair-bolsonaro-na-pandemia","status":"publish","type":"post","link":"https:\/\/dgospel.com.br\/portal\/index.php\/2023\/04\/05\/banco-mundial-enaltece-gestao-de-jair-bolsonaro-na-pandemia\/","title":{"rendered":"Banco Mundial enaltece gest\u00e3o de Jair Bolsonaro na pandemia"},"content":{"rendered":"\n<p>A pandemia de Covid-19 produziu efeitos econ\u00f4micos nefastos em quase todos os pa\u00edses do mundo. Mas esse n\u00e3o \u00e9 o caso do Brasil. Foi o que mostrou o Relat\u00f3rio Econ\u00f4mico da Am\u00e9rica Latina e Caribe, divulgado pelo Banco Mundial, nesta ter\u00e7a-feira (4).<\/p>\n\n\n\n<p>O texto enalteceu a pol\u00edtica econ\u00f4mica do governo de Jair Bolsonaro (PL) na pandemia, que por meio de seu apoio \u00e0 popula\u00e7\u00e3o mais vulner\u00e1vel socialmente (via pagamento de aux\u00edlio emergencial para os mais necessitados), com ajuda do Congresso Nacional, evitou que diversos brasileiros \u201ccruzassem\u201d a linha da pobreza.<\/p>\n\n\n\n<p>\u2013 No Brasil, as transfer\u00eancias aumentaram o tamanho da classe m\u00e9dia em 2,1 pontos percentuais. O pa\u00eds n\u00e3o apenas evitou que as fam\u00edlias ca\u00edssem na pobreza, mas tamb\u00e9m retirou muitas pessoas da pobreza em 2020 \u2013 enfatizou.<\/p>\n\n\n\n<p>Leia a&nbsp;<a href=\"https:\/\/static.cdn.pleno.news\/2023\/04\/relatorio-economico-america-latina-caribe-4abr2023.pdf\" target=\"_blank\" rel=\"noreferrer noopener\">\u00edntegra do documento<\/a>.<\/p>\n","protected":false},"excerpt":{"rendered":"<p>A pandemia de Covid-19 produziu efeitos econ\u00f4micos nefastos em quase todos os pa\u00edses do mundo. Mas esse n\u00e3o \u00e9 o caso do Brasil. Foi o que mostrou o Relat\u00f3rio Econ\u00f4mico da Am\u00e9rica Latina e Caribe, divulgado pelo Banco Mundial, nesta ter\u00e7a-feira (4). O texto enalteceu a pol\u00edtica econ\u00f4mica do governo de Jair Bolsonaro (PL) na [&hellip;]<\/p>\n","protected":false},"author":2,"featured_media":15361,"comment_status":"open","ping_status":"open","sticky":false,"template":"","format":"standard","meta":[],"categories":[10],"tags":[],"_links":{"self":[{"href":"https:\/\/dgospel.com.br\/portal\/index.php\/wp-json\/wp\/v2\/posts\/15360"}],"collection":[{"href":"https:\/\/dgospel.com.br\/portal\/index.php\/wp-json\/wp\/v2\/posts"}],"about":[{"href":"https:\/\/dgospel.com.br\/portal\/index.php\/wp-json\/wp\/v2\/types\/post"}],"author":[{"embeddable":true,"href":"https:\/\/dgospel.com.br\/portal\/index.php\/wp-json\/wp\/v2\/users\/2"}],"replies":[{"embeddable":true,"href":"https:\/\/dgospel.com.br\/portal\/index.php\/wp-json\/wp\/v2\/comments?post=15360"}],"version-history":[{"count":1,"href":"https:\/\/dgospel.com.br\/portal\/index.php\/wp-json\/wp\/v2\/posts\/15360\/revisions"}],"predecessor-version":[{"id":15362,"href":"https:\/\/dgospel.com.br\/portal\/index.php\/wp-json\/wp\/v2\/posts\/15360\/revisions\/15362"}],"wp:featuredmedia":[{"embeddable":true,"href":"https:\/\/dgospel.com.br\/portal\/index.php\/wp-json\/wp\/v2\/media\/15361"}],"wp:attachment":[{"href":"https:\/\/dgospel.com.br\/portal\/index.php\/wp-json\/wp\/v2\/media?parent=15360"}],"wp:term":[{"taxonomy":"category","embeddable":true,"href":"https:\/\/dgospel.com.br\/portal\/index.php\/wp-json\/wp\/v2\/categories?post=15360"},{"taxonomy":"post_tag","embeddable":true,"href":"https:\/\/dgospel.com.br\/portal\/index.php\/wp-json\/wp\/v2\/tags?post=15360"}],"curies":[{"name":"wp","href":"https:\/\/api.w.org\/{rel}","templated":true}]}}