{"id":1537,"date":"2018-10-08T08:46:55","date_gmt":"2018-10-08T11:46:55","guid":{"rendered":"http:\/\/dgospel.com.br\/portal\/?p=1537"},"modified":"2018-10-08T08:46:55","modified_gmt":"2018-10-08T11:46:55","slug":"conheca-os-oito-deputados-federais-eleitos-pelo-tocantins","status":"publish","type":"post","link":"https:\/\/dgospel.com.br\/portal\/index.php\/2018\/10\/08\/conheca-os-oito-deputados-federais-eleitos-pelo-tocantins\/","title":{"rendered":"Conhe\u00e7a os oito deputados federais eleitos pelo Tocantins"},"content":{"rendered":"<p>Oito deputados federais foram eleitos pelo Tocantins neste domingo (7). Os partidos com mais cadeiras na bancada ser\u00e3o Solidariedade e Democratas, dois eleitos em cada um.<\/p>\n<p data-track-category=\"Link no Texto\" data-track-links=\"\">Quatro candidatos ocupam o cargo pela primeira vez e quatro foram reeleitos. O percentual de renova\u00e7\u00e3o \u00e9 o mesmo que em 2014.<\/p>\n<h2>Veja quem s\u00e3o os eleitos:<\/h2>\n<ul>\n<li>Tiago Dimas (Solidariedade) &#8211; 71.842<\/li>\n<li>Osires Damaso (PSC) &#8211; 58.728<\/li>\n<li>Vicentinho J\u00fanior (PR) &#8211; 49.868<\/li>\n<li>Eli Borges (Solidariedade) &#8211; 48.812<\/li>\n<li>Carlos Henrique Gaguim (DEM) &#8211; 48.012<\/li>\n<li>Professora Dorinha (DEM) &#8211; 48.008<\/li>\n<li>Dulce Miranda (MDB) &#8211; 40.719<\/li>\n<li>Celio Moura (PT) &#8211; 18.167<\/li>\n<\/ul>\n<p>Fonte:\u00a0G1 Tocantins<\/p>\n<p>&nbsp;<\/p>\n","protected":false},"excerpt":{"rendered":"<p>Oito deputados federais foram eleitos pelo Tocantins neste domingo (7). Os partidos com mais cadeiras na bancada ser\u00e3o Solidariedade e Democratas, dois eleitos em cada um. Quatro candidatos ocupam o cargo pela primeira vez e quatro foram reeleitos. O percentual de renova\u00e7\u00e3o \u00e9 o mesmo que em 2014. Veja quem s\u00e3o os eleitos: Tiago Dimas [&hellip;]<\/p>\n","protected":false},"author":2,"featured_media":1538,"comment_status":"open","ping_status":"open","sticky":false,"template":"","format":"standard","meta":[],"categories":[2,3,4],"tags":[],"_links":{"self":[{"href":"https:\/\/dgospel.com.br\/portal\/index.php\/wp-json\/wp\/v2\/posts\/1537"}],"collection":[{"href":"https:\/\/dgospel.com.br\/portal\/index.php\/wp-json\/wp\/v2\/posts"}],"about":[{"href":"https:\/\/dgospel.com.br\/portal\/index.php\/wp-json\/wp\/v2\/types\/post"}],"author":[{"embeddable":true,"href":"https:\/\/dgospel.com.br\/portal\/index.php\/wp-json\/wp\/v2\/users\/2"}],"replies":[{"embeddable":true,"href":"https:\/\/dgospel.com.br\/portal\/index.php\/wp-json\/wp\/v2\/comments?post=1537"}],"version-history":[{"count":1,"href":"https:\/\/dgospel.com.br\/portal\/index.php\/wp-json\/wp\/v2\/posts\/1537\/revisions"}],"predecessor-version":[{"id":1539,"href":"https:\/\/dgospel.com.br\/portal\/index.php\/wp-json\/wp\/v2\/posts\/1537\/revisions\/1539"}],"wp:featuredmedia":[{"embeddable":true,"href":"https:\/\/dgospel.com.br\/portal\/index.php\/wp-json\/wp\/v2\/media\/1538"}],"wp:attachment":[{"href":"https:\/\/dgospel.com.br\/portal\/index.php\/wp-json\/wp\/v2\/media?parent=1537"}],"wp:term":[{"taxonomy":"category","embeddable":true,"href":"https:\/\/dgospel.com.br\/portal\/index.php\/wp-json\/wp\/v2\/categories?post=1537"},{"taxonomy":"post_tag","embeddable":true,"href":"https:\/\/dgospel.com.br\/portal\/index.php\/wp-json\/wp\/v2\/tags?post=1537"}],"curies":[{"name":"wp","href":"https:\/\/api.w.org\/{rel}","templated":true}]}}