{"id":15372,"date":"2023-04-05T12:08:51","date_gmt":"2023-04-05T15:08:51","guid":{"rendered":"http:\/\/dgospel.com.br\/portal\/?p=15372"},"modified":"2023-04-05T12:08:52","modified_gmt":"2023-04-05T15:08:52","slug":"ministro-da-agricultura-e-legitimo-o-homem-do-campo-ter-sua-arma","status":"publish","type":"post","link":"https:\/\/dgospel.com.br\/portal\/index.php\/2023\/04\/05\/ministro-da-agricultura-e-legitimo-o-homem-do-campo-ter-sua-arma\/","title":{"rendered":"Ministro da Agricultura: \u2018\u00c9 leg\u00edtimo o homem do campo ter sua arma\u2019"},"content":{"rendered":"\n<p>O ministro da Agricultura, Carlos F\u00e1varo, afirmou na ter\u00e7a-feira 4 que considera leg\u00edtimo que o homem do campo tenha uma arma para defesa pessoal, situa\u00e7\u00e3o que hoje \u00e9 garantida pela legisla\u00e7\u00e3o federal. Ele acha, no entanto, que o n\u00famero de armas deve ser limitado \u201ca uma ou duas\u201d, e mais que isso \u00e9 exagero.<\/p>\n\n\n\n<p>Segundo F\u00e1varo, o presidente Lula concorda com essa posi\u00e7\u00e3o. \u201c\u00c9 leg\u00edtimo o homem do campo ter uma ou duas armas l\u00e1 para fazer a primeira defesa, um pouco de muni\u00e7\u00e3o. Porque, l\u00f3gico, ele est\u00e1 a 50, 100 quil\u00f4metros da cidade. Se ele ligar 190 [<em>n\u00famero da pol\u00edcia<\/em>], d\u00e1 tempo de o bandido barbarizar, fazer o que quiser dentro da propriedade, roubar, bater, espancar e n\u00e3o chegou a pol\u00edcia ainda\u201d, declarou o ministro da Agricultura, em entrevista coletiva.<\/p>\n\n\n\n<p>\u201cSe a criminalidade tiver a certeza que l\u00e1 no campo n\u00e3o tem nenhuma arma, a vulnerabilidade \u00e9 certa e o risco do homem do campo \u00e9 iminente. E o presidente tamb\u00e9m pensa assim\u201d, acrescentou.<\/p>\n\n\n\n<p>Entretanto, afirmou F\u00e1varo, o n\u00famero de armas deve ser limitado, porque \u201cn\u00e3o faz sentido\u201d haver \u201ccem armas\u201d na propriedade, como fuzis de assalto. \u201cO homem do campo vai continuar tendo o direito de ter uma arma, duas, um pouco de muni\u00e7\u00e3o. Mais do que isso \u00e9 exagero.\u201d<\/p>\n\n\n\n<p>Uma das primeiras medidas do governo Lula, em 1\u00ba de janeiro, foi revogar decretos do governo de Jair Bolsonaro sobre acesso a armas e muni\u00e7\u00f5es, na tentativa de reduzir o acesso da popula\u00e7\u00e3o civil \u00e0s armas. O governo tamb\u00e9m abriu prazo para que itens sejam recadastrados, em um sistema da Pol\u00edcia Federal, tirando a compet\u00eancia do Ex\u00e9rcito.<\/p>\n\n\n\n<p>Tamb\u00e9m foi no governo Bolsonaro que uma lei espec\u00edfica para o produtor rural foi aprovada no Congresso e sancionada sem vetos, em 2019. A<a href=\"https:\/\/www2.camara.leg.br\/legin\/fed\/lei\/2019\/lei-13870-17-setembro-2019-789117-norma-pl.html\">&nbsp;<strong>Lei 13.870<\/strong><\/a>, em vigor, permite o porte de arma por toda a extens\u00e3o da propriedade rural, e n\u00e3o apenas na sede.<\/p>\n\n\n\n<p>Nos quatro anos \u00faltimos anos, o n\u00famero de invas\u00f5es de propriedades rurais pelo MST foi menor, desde o governo de Fernando Henrique Cardoso,<a href=\"https:\/\/revistaoeste.com\/agronegocio\/mst-uma-sombra-para-o-agronegocio\/\">&nbsp;<strong>quando foram registradas 2,5 mil invas\u00f5es; nos oito anos de Lula, foram 2 mil; no governo de Bolsonaro, 24<\/strong><\/a>.<\/p>\n","protected":false},"excerpt":{"rendered":"<p>O ministro da Agricultura, Carlos F\u00e1varo, afirmou na ter\u00e7a-feira 4 que considera leg\u00edtimo que o homem do campo tenha uma arma para defesa pessoal, situa\u00e7\u00e3o que hoje \u00e9 garantida pela legisla\u00e7\u00e3o federal. Ele acha, no entanto, que o n\u00famero de armas deve ser limitado \u201ca uma ou duas\u201d, e mais que isso \u00e9 exagero. Segundo [&hellip;]<\/p>\n","protected":false},"author":2,"featured_media":15373,"comment_status":"open","ping_status":"open","sticky":false,"template":"","format":"standard","meta":[],"categories":[4],"tags":[],"_links":{"self":[{"href":"https:\/\/dgospel.com.br\/portal\/index.php\/wp-json\/wp\/v2\/posts\/15372"}],"collection":[{"href":"https:\/\/dgospel.com.br\/portal\/index.php\/wp-json\/wp\/v2\/posts"}],"about":[{"href":"https:\/\/dgospel.com.br\/portal\/index.php\/wp-json\/wp\/v2\/types\/post"}],"author":[{"embeddable":true,"href":"https:\/\/dgospel.com.br\/portal\/index.php\/wp-json\/wp\/v2\/users\/2"}],"replies":[{"embeddable":true,"href":"https:\/\/dgospel.com.br\/portal\/index.php\/wp-json\/wp\/v2\/comments?post=15372"}],"version-history":[{"count":1,"href":"https:\/\/dgospel.com.br\/portal\/index.php\/wp-json\/wp\/v2\/posts\/15372\/revisions"}],"predecessor-version":[{"id":15374,"href":"https:\/\/dgospel.com.br\/portal\/index.php\/wp-json\/wp\/v2\/posts\/15372\/revisions\/15374"}],"wp:featuredmedia":[{"embeddable":true,"href":"https:\/\/dgospel.com.br\/portal\/index.php\/wp-json\/wp\/v2\/media\/15373"}],"wp:attachment":[{"href":"https:\/\/dgospel.com.br\/portal\/index.php\/wp-json\/wp\/v2\/media?parent=15372"}],"wp:term":[{"taxonomy":"category","embeddable":true,"href":"https:\/\/dgospel.com.br\/portal\/index.php\/wp-json\/wp\/v2\/categories?post=15372"},{"taxonomy":"post_tag","embeddable":true,"href":"https:\/\/dgospel.com.br\/portal\/index.php\/wp-json\/wp\/v2\/tags?post=15372"}],"curies":[{"name":"wp","href":"https:\/\/api.w.org\/{rel}","templated":true}]}}