{"id":15378,"date":"2023-04-05T12:21:00","date_gmt":"2023-04-05T15:21:00","guid":{"rendered":"http:\/\/dgospel.com.br\/portal\/?p=15378"},"modified":"2023-04-05T12:21:01","modified_gmt":"2023-04-05T15:21:01","slug":"governador-wanderlei-barbosa-lanca-oficialmente-agrotins-2023-com-o-tema-compliance-no-agro","status":"publish","type":"post","link":"https:\/\/dgospel.com.br\/portal\/index.php\/2023\/04\/05\/governador-wanderlei-barbosa-lanca-oficialmente-agrotins-2023-com-o-tema-compliance-no-agro\/","title":{"rendered":"Governador Wanderlei Barbosa lan\u00e7a oficialmente Agrotins 2023, com o tema Compliance no Agro"},"content":{"rendered":"\n<p>O governador Wanderlei Barbosa lan\u00e7ou oficialmente nesta ter\u00e7a-feira, 4, no audit\u00f3rio do Pal\u00e1cio Araguaia, sede do Governo do Tocantins, em Palmas, a Feira de Tecnologia Agropecu\u00e1ria do Tocantins (Agrotins), que chega a sua 23\u00aa edi\u00e7\u00e3o. Este ano, a feira tocantinense de agroneg\u00f3cios, que \u00e9 a mais importante da regi\u00e3o Norte do pa\u00eds, sendo refer\u00eancia nacional, est\u00e1 com a tem\u00e1tica&nbsp;<em>Compliance no Agro&nbsp;<\/em>e ocorrer\u00e1 entre os dias 16 e 20 maio. A expectativa \u00e9 superar a marca do ano passado em neg\u00f3cios, que foi de R$ 2,5 bilh\u00f5es.<\/p>\n\n\n\n<p>\u201cDesde o ano passado, estamos buscando inovar na realiza\u00e7\u00e3o da feira. Somente com a estrutura\u00e7\u00e3o desta edi\u00e7\u00e3o, est\u00e1 sendo investido o valor superior a R$ 6 milh\u00f5es e sabemos o quanto isso trar\u00e1 de retorno ao nosso Estado. Tudo ser\u00e1 tratado de forma transparente. O tema da Agrotins deste ano est\u00e1 alinhado com o nosso plano de governo. Temos \u00f3timas experi\u00eancias de edi\u00e7\u00f5es passadas e, nesta, vamos superar, realizando a melhor feira agropecu\u00e1ria da regi\u00e3o Norte do Brasil\u201d, afirmou o governador Wanderlei Barbosa, durante cerim\u00f4nia de lan\u00e7amento da Agrotins 2023.<\/p>\n\n\n\n<p>Sendo um dos eventos mais esperados pelos produtores de todo o Brasil, a feira ocorrer\u00e1 como nas edi\u00e7\u00f5es passadas, no Parque Agrotecnol\u00f3gico Engenheiro Agr\u00f4nomo Mauro Medanha, na \u00e1rea rural de Palmas. A edi\u00e7\u00e3o deste ano contar\u00e1 com, aproximadamente, 850 expositores, tendo expectativa de p\u00fablico superior a 150 mil pessoas durante os cinco dias de evento.<\/p>\n\n\n\n<p>O titular da Secretaria de Estado da Agricultura e Pecu\u00e1ria (Seagro), Jaime Caf\u00e9, destacou as a\u00e7\u00f5es que beneficiar\u00e3o o produtor, al\u00e9m de explicar que a feira atingir\u00e1 todos os p\u00fablicos. \u201cOrganizamos uma feira com muitos parceiros, em conjunto com muitos \u00f3rg\u00e3os p\u00fablicos e setores privados, comprometidos com o agroneg\u00f3cio. Estamos pensando no pequeno produtor, por exemplo, para que ele tenha, al\u00e9m de todo o conhecimento, o selo da agricultura familiar com toda a legalidade. Na Agrotins 2023, vamos tratar de diversos assuntos e temas que visam beneficiar todos os produtores [pequeno, m\u00e9dio e grande] e mais ainda a popula\u00e7\u00e3o tocantinense, que ganha com o agroneg\u00f3cio realizado de forma sustent\u00e1vel e respons\u00e1vel\u201d, ressaltou o secret\u00e1rio.<\/p>\n\n\n\n<p>Este ano, a feira inovou mais uma vez, al\u00e9m de difundir tecnologias, abrir frentes de neg\u00f3cios, ampliar debates sobre a tem\u00e1tica agricultura e potencializar a produ\u00e7\u00e3o da agricultura do Tocantins, bem como a pesquisa cient\u00edfica no ramo. A Agrotins 2023 realizar\u00e1 uma feira sustent\u00e1vel, aplicando a pol\u00edtica de Carbono Neutro, ou Carbono Zero, que reduz o maior quantitativo de gases poluentes. Com a iniciativa, o Tocantins ser\u00e1 o primeiro estado do Brasil a realizar uma feira com essa pol\u00edtica, que vem sendo amplamente discutida em confer\u00eancias mundiais de meio ambiente.<\/p>\n\n\n\n<p>O carbono ser\u00e1 neutralizado durante a feira da seguinte forma: equipes de trabalho far\u00e3o a contabilidade da emiss\u00e3o de carbono durante o evento, ao chegar em um n\u00famero de toneladas de carbono, a proposta \u00e9 neutralizar esses gases, plantando \u00e1rvores, no mesmo quantitativo de gases emitidos. As emiss\u00f5es de di\u00f3xido de carbono contribuem para a polui\u00e7\u00e3o, o que intensifica os eventos clim\u00e1ticos e contribuem, ainda, para o efeito estufa. As \u00e1rvores capturam os carbonos existentes na atmosfera durante o processo de fotoss\u00edntese, por isso \u00e9 necess\u00e1rio o plantio, para que os gases poluentes sejam neutralizados.<\/p>\n\n\n\n<p>Quem explicou esses pontos foi o secret\u00e1rio de Estado do Meio Ambiente e Recursos H\u00eddricos do Tocantins, Marcello Lelis. \u201cPensar no agro, com sustentabilidade, \u00e9 poss\u00edvel e a Agrotins \u00e9 o espa\u00e7o perfeito para aplicar iniciativas nesse sentido. \u00c9 muito importante destacarmos que a Agrotins 2023 vai neutralizar o quantitativo de g\u00e1s carb\u00f4nico emitido. A Feira ser\u00e1 uma vitrine de boas iniciativas. Teremos um estande em que ensinaremos como fazer o plantio dessa \u00e1rvore, que ser\u00e1 plantada durante a feira e tamb\u00e9m em outras \u00e1reas do Tocantins. Teremos o primeiro evento de agricultura do Brasil a fazer essa a\u00e7\u00e3o\u201d, afirmou o secret\u00e1rio.<\/p>\n\n\n\n<p>Assim como nos anos anteriores, a Feira continuar\u00e1 oferecendo cursos e palestras; vitrines agr\u00edcolas; inova\u00e7\u00f5es tecnol\u00f3gicas; exposi\u00e7\u00f5es de m\u00e1quinas e implementos; comercializa\u00e7\u00e3o de ve\u00edculos leves e pesado; ve\u00edculos n\u00e1uticos; comercializa\u00e7\u00e3o de produtos regionais; restaurantes; exposi\u00e7\u00e3o e comercializa\u00e7\u00e3o de animais; com a participa\u00e7\u00e3o de institui\u00e7\u00f5es de ensino superior, \u00f3rg\u00e3os municipais, estaduais e federais. O que atrai caravanas de agricultores familiares de todo o Estado.<\/p>\n\n\n\n<p>Na Agrotins 2023, tamb\u00e9m estar\u00e3o instalados bancos e institui\u00e7\u00f5es financeiras, com o objetivo de facilitar o financiamento de negocia\u00e7\u00f5es de cr\u00e9dito para o m\u00e9dio e o pequeno produtor.<\/p>\n\n\n\n<p><strong>Fomentos e parcerias<\/strong><\/p>\n\n\n\n<p>Durante o evento de abertura, o governador Wanderlei Barbosa assinou dois Termos de Coopera\u00e7\u00e3o. O primeiro termo foi firmado com a Ag\u00eancia de Fomento do Estado do Tocantins, no valor de R$ 10 milh\u00f5es, dentro do Programa Cr\u00e9dito Popular, com vistas a atender projetos relacionados \u00e0 Agricultura Familiar, \u00e0 Juventude Empreendedora, aos empreendedores formais e informais de pequeno porte e aos mototaxistas. J\u00e1 o segundo, foi juntamente com a Funda\u00e7\u00e3o de Amparo \u00e0 Pesquisa do Tocantins (Fapt) e a Secretaria de Estado da Agricultura e Pecu\u00e1ria (Seagro), no valor de R$ 8 milh\u00f5es para o desenvolvimento de atividades voltadas para pesquisa, o ensino e a difus\u00e3o tecnol\u00f3gica para o setor agropecu\u00e1rio.<\/p>\n\n\n\n<p>O presidente da Fapt, M\u00e1rcio Silveira, destacou o qu\u00e3o necess\u00e1rio \u00e9 investir em editais de pesquisa para fomentar e ampliar a produ\u00e7\u00e3o da agricultura, que \u00e9 respons\u00e1vel por grande parte do Produto Interno Bruto (PIB) tocantinense. \u201cO recurso que investimos adv\u00e9m do fundo de ci\u00eancia e tecnologia estadual e a Agrotins \u00e9 uma feira que potencializa a pesquisa no setor Agro. Vemos tudo isso com muito otimismo, pois mostra que o Estado est\u00e1 preocupado e apoiando os pesquisadores, com projetos na educa\u00e7\u00e3o e o fomento da ci\u00eancia, tecnologia e inova\u00e7\u00e3o. Isso traz muitos benef\u00edcios para o Tocantins, j\u00e1 que nosso PIB depende bastante do agroneg\u00f3cio\u201d, pontuou o presidente da Fapt.<\/p>\n\n\n\n<p><strong>Tema Agrotins 2023<\/strong><\/p>\n\n\n\n<p>Compliance \u00e9 o conjunto de disciplinas para fazer cumprir as normas legais e regulamentares, as pol\u00edticas e as diretrizes estabelecidas para o neg\u00f3cio e para as atividades da institui\u00e7\u00e3o ou empresa, bem como evitar, detectar e tratar qualquer desvio ou inconformidade que possa ocorrer. No Brasil, o agroneg\u00f3cio \u00e9 um dos pioneiros na cria\u00e7\u00e3o de uma medida oficial para incentivar as empresas a desenvolverem uma cultura efetiva de Compliance. A oportunidade surgiu com a cria\u00e7\u00e3o do Selo Agro+Integridade, institu\u00eddo pelo Minist\u00e9rio da Agricultura, Pecu\u00e1ria e Abastecimento (MAPA), no final de 2017, para empresas que desenvolvem boas pr\u00e1ticas de gest\u00e3o de integridade, \u00e9tica e sustentabilidade.<\/p>\n\n\n\n<p><strong>Atra\u00e7\u00f5es culturais<\/strong><\/p>\n\n\n\n<p>Assim como no ano anterior, a Agrotins realizar\u00e1 eventos culturais, com atra\u00e7\u00f5es musicais nacionais e regionais. O governador Wanderlei Barbosa confirmou os shows musicais do cantor sertanejo Leonardo e do novo talento da m\u00fasica, do estilo seresta, Evoney Fernandes, conhecido tamb\u00e9m como&nbsp;<em>seu Osmar<\/em>, que \u00e9 natural do Tocantins e, desde 2022, vem conquistando f\u00e3s por todo o Brasil. As atra\u00e7\u00f5es est\u00e3o confirmadas para se apresentarem em Palmas, no dia 11 de maio e assim como na edi\u00e7\u00e3o passada, a entrada ser\u00e1 gratuita.&nbsp;O p\u00fablico tamb\u00e9m vai apreciar atra\u00e7\u00f5es durante a feira. Este ano, ser\u00e1 criado o Pavilh\u00e3o Cores e Sabores, espa\u00e7o que contar\u00e1 com lanchonetes, food trucks e apresenta\u00e7\u00f5es culturais regionais.<\/p>\n\n\n\n<p><strong>Realiza\u00e7\u00e3o<\/strong><\/p>\n\n\n\n<p>A Agrotins\u00a0<em>Compliance no Agro\u00a0<\/em>\u00e9 uma realiza\u00e7\u00e3o do Governo do Tocantins, por meio da Secretaria de Estado da Agricultura e Pecu\u00e1ria (Seagro), da Ag\u00eancia de Defesa Agropecu\u00e1ria (Adapec), do Instituto de Desenvolvimento Rural do Tocantins (Ruraltins), da Funda\u00e7\u00e3o de Amparo \u00e0 Pesquisa do Tocantins (Fapt) e da Tocantins Parcerias, em conjunto com empresas, institui\u00e7\u00f5es e \u00f3rg\u00e3os p\u00fablicos, de pesquisas e educacionais, entre outras.<\/p>\n\n\n\n<p><img src=\"https:\/\/central.to.gov.br\/image\/324309?w=670&amp;h=383\"><\/p>\n\n\n\n<p>Presidente da Fapt, M\u00e1rcio Silveira, destacou o qu\u00e3o necess\u00e1rio \u00e9 investir em editais de pesquisa para fomentar e ampliar a produ\u00e7\u00e3o da agricultura no Tocantins &#8211; Luciano Ribeiro\/Governo do Tocantins\u00a0<\/p>\n\n\n\n<p><img src=\"https:\/\/central.to.gov.br\/image\/324308?w=670&amp;h=383\"><\/p>\n\n\n\n<p>Secret\u00e1rio da Seagro, Jaime Caf\u00e9, destacou, no evento de lan\u00e7amento da Agrotins: Compliance no Agro, as a\u00e7\u00f5es que v\u00e3o beneficiar o produtor rural &#8211; Luciano Ribeiro\/Governo do Tocantins\u00a0<\/p>\n\n\n\n<p><img src=\"https:\/\/central.to.gov.br\/image\/324310?w=670&amp;h=383\"><\/p>\n\n\n\n<p>Governador Wanderlei Barbosa confirmou os shows musicais do cantor sertanejo Leonardo e do novo talento da m\u00fasica, do estilo seresta, Evoney Fernandes &#8211; Antonio Gon\u00e7alves\/Governo do Tocantins<\/p>\n\n\n\n<p><img src=\"https:\/\/central.to.gov.br\/image\/324311?w=670&amp;h=383\"><\/p>\n\n\n\n<p>Durante o evento de abertura da Agrotins 2023, o governador Wanderlei Barbosa assinou dois termos de coopera\u00e7\u00e3o &#8211; Luciano Ribeiro\/Governo do Tocantins\u00a0<\/p>\n\n\n\n<p><img src=\"https:\/\/central.to.gov.br\/image\/324313?w=670&amp;h=383\"><\/p>\n\n\n\n<p>Durante o evento de abertura, foi firmado termo com a Ag\u00eancia de Fomento do Estado do Tocantins, no valor de R$ 10 milh\u00f5es &#8211; Antonio Gon\u00e7alves\/Governo do Tocantins\u00a0<\/p>\n\n\n\n<p><img src=\"https:\/\/central.to.gov.br\/image\/324312?w=670&amp;h=383\"><\/p>\n\n\n\n<p>Secret\u00e1rio de Estado do Meio Ambiente do Tocantins, Marcello Lelis, ressaltou que pensar no agro com sustentabilidade \u00e9 poss\u00edvel e a Agrotins \u00e9 o espa\u00e7o perfeito para aplicar iniciativas nesse sentido &#8211; Luciano Ribeiro\/Governo do Tocantins&nbsp;<\/p>\n","protected":false},"excerpt":{"rendered":"<p>O governador Wanderlei Barbosa lan\u00e7ou oficialmente nesta ter\u00e7a-feira, 4, no audit\u00f3rio do Pal\u00e1cio Araguaia, sede do Governo do Tocantins, em Palmas, a Feira de Tecnologia Agropecu\u00e1ria do Tocantins (Agrotins), que chega a sua 23\u00aa edi\u00e7\u00e3o. Este ano, a feira tocantinense de agroneg\u00f3cios, que \u00e9 a mais importante da regi\u00e3o Norte do pa\u00eds, sendo refer\u00eancia nacional, [&hellip;]<\/p>\n","protected":false},"author":2,"featured_media":15380,"comment_status":"open","ping_status":"open","sticky":false,"template":"","format":"standard","meta":[],"categories":[3],"tags":[13],"_links":{"self":[{"href":"https:\/\/dgospel.com.br\/portal\/index.php\/wp-json\/wp\/v2\/posts\/15378"}],"collection":[{"href":"https:\/\/dgospel.com.br\/portal\/index.php\/wp-json\/wp\/v2\/posts"}],"about":[{"href":"https:\/\/dgospel.com.br\/portal\/index.php\/wp-json\/wp\/v2\/types\/post"}],"author":[{"embeddable":true,"href":"https:\/\/dgospel.com.br\/portal\/index.php\/wp-json\/wp\/v2\/users\/2"}],"replies":[{"embeddable":true,"href":"https:\/\/dgospel.com.br\/portal\/index.php\/wp-json\/wp\/v2\/comments?post=15378"}],"version-history":[{"count":1,"href":"https:\/\/dgospel.com.br\/portal\/index.php\/wp-json\/wp\/v2\/posts\/15378\/revisions"}],"predecessor-version":[{"id":15381,"href":"https:\/\/dgospel.com.br\/portal\/index.php\/wp-json\/wp\/v2\/posts\/15378\/revisions\/15381"}],"wp:featuredmedia":[{"embeddable":true,"href":"https:\/\/dgospel.com.br\/portal\/index.php\/wp-json\/wp\/v2\/media\/15380"}],"wp:attachment":[{"href":"https:\/\/dgospel.com.br\/portal\/index.php\/wp-json\/wp\/v2\/media?parent=15378"}],"wp:term":[{"taxonomy":"category","embeddable":true,"href":"https:\/\/dgospel.com.br\/portal\/index.php\/wp-json\/wp\/v2\/categories?post=15378"},{"taxonomy":"post_tag","embeddable":true,"href":"https:\/\/dgospel.com.br\/portal\/index.php\/wp-json\/wp\/v2\/tags?post=15378"}],"curies":[{"name":"wp","href":"https:\/\/api.w.org\/{rel}","templated":true}]}}