{"id":15382,"date":"2023-04-05T12:23:37","date_gmt":"2023-04-05T15:23:37","guid":{"rendered":"http:\/\/dgospel.com.br\/portal\/?p=15382"},"modified":"2023-04-05T12:23:38","modified_gmt":"2023-04-05T15:23:38","slug":"wanderlei-barbosa-e-superintendente-da-caixa-economica-federal-discutem-projetos-de-habitacao-para-o-tocantins","status":"publish","type":"post","link":"https:\/\/dgospel.com.br\/portal\/index.php\/2023\/04\/05\/wanderlei-barbosa-e-superintendente-da-caixa-economica-federal-discutem-projetos-de-habitacao-para-o-tocantins\/","title":{"rendered":"Wanderlei Barbosa e superintendente da Caixa Econ\u00f4mica Federal discutem projetos de habita\u00e7\u00e3o para o Tocantins"},"content":{"rendered":"\n<p>O governador do Tocantins, Wanderlei Barbosa, recebeu na tarde desta ter\u00e7a-feira, 4, o novo superintendente da Caixa Econ\u00f4mica Federal no Tocantins, Tiago Pereira da Silva Neto. Essa foi a primeira visita do executivo ao governador e teve como objetivo refor\u00e7ar a parceria entre o Governo do Estado e a institui\u00e7\u00e3o financeira.<\/p>\n\n\n\n<p>Tamb\u00e9m participaram da reuni\u00e3o o superintendente de Governo da Caixa, Vandeir Ferreira; e a superintendente de Habita\u00e7\u00e3o da institui\u00e7\u00e3o, Paula Rovani; al\u00e9m do secret\u00e1rio de Estado das Cidades, Habita\u00e7\u00e3o e Desenvolvimento Urbano, Tiago Lopes; e o presidente da Tocantins Parcerias, Aleandro Lacerda.<\/p>\n\n\n\n<p>\u201cRecebemos o novo superintendente desta importante institui\u00e7\u00e3o, que veio nos fazer uma visita e colocar a Caixa \u00e0 disposi\u00e7\u00e3o do Governo para discutirmos parcerias voltadas, principalmente para a \u00e1rea da habita\u00e7\u00e3o, que \u00e9 uma prioridade na nossa gest\u00e3o\u201d, comentou o governador Wanderlei Barbosa, lembrando ainda que a Caixa tem uma import\u00e2ncia muito grande para o Tocantins por atender uma importante vertente, que \u00e9 a \u00e1rea social, por meio dos programas habitacionais.<\/p>\n\n\n\n<p>Por sua vez, o superintendente Tiago Pereira afirmou que esse foi o primeiro contato pessoal com o governador Wanderlei Barbosa e teve como objetivo colocar a institui\u00e7\u00e3o \u00e0 disposi\u00e7\u00e3o para, junto com o Governo do Estado, trazer recursos. \u201cA gente vem com um apetite muito forte com o<em>&nbsp;Minha Casa, Minha Vida<\/em>, principalmente a faixa 1. Sabemos que os projetos partem dos entes p\u00fablicos e n\u00f3s executamos a parte t\u00e9cnica. Portanto, essa visita foi importante para que possamos construir esse entrosamento e trazer muitas moradias para a popula\u00e7\u00e3o do Tocantins\u201d, frisou.<\/p>\n\n\n\n<p>O presidente da Tocantins Parcerias, Aleandro Lacerda, que tamb\u00e9m participou da reuni\u00e3o, destacou que essa reuni\u00e3o foi importante neste momento em que o Governo est\u00e1 trabalhando um novo plano de habita\u00e7\u00e3o. \u201cEstamos juntando todas essas for\u00e7as, para que esse novo programa&nbsp;<em>Minha Casa, Minha Vida&nbsp;<\/em>possa, por meio da Secretaria de Estado das Cidades, Habita\u00e7\u00e3o e Desenvolvimento Urbano, sair na frente em projetos que tragam desenvolvimento urbano para as cidades do Tocantins\u201d, informou.<\/p>\n\n\n\n<p>O titular da Secretaria de Estado das Cidades, Habita\u00e7\u00e3o e Desenvolvimento Urbano, Thiago Lopes Benfica, afirmou que foi a primeira reuni\u00e3o com a equipe da Caixa e marcou o in\u00edcio de uma parceria com a institui\u00e7\u00e3o, com o objetivo de financiar moradias. \u201cEsse primeiro contato foi importante, no momento que estamos buscando parceria com o governo federal, por meio da Caixa, que vai financiar o programa&nbsp;<em>Minha Casa, Minha Vida<\/em>. Queremos angariar o m\u00e1ximo de recursos para o nosso programa habitacional no Estado\u201d, ressaltou.<\/p>\n\n\n\n<p><img src=\"https:\/\/central.to.gov.br\/image\/324340?w=670&amp;h=383\"><\/p>\n\n\n\n<p>O governador Wanderlei Barbosa destacou a import\u00e2ncia da contribui\u00e7\u00e3o da Caixa para a \u00e1rea social, por meio dos programas habitacionais &#8211; Esequias Ara\u00fajo\/Governo do Tocantins\u00a0<\/p>\n\n\n\n<p><img src=\"https:\/\/central.to.gov.br\/image\/324341?w=670&amp;h=383\"><\/p>\n\n\n\n<p>O superintendente Tiago Pereira refor\u00e7ou interesse em fornecer apoio t\u00e9cnico para viabilizar moradias para o Tocantins &#8211; Esequias Ara\u00fajo\/Governo do Tocantins\u00a0<\/p>\n\n\n\n<p><img src=\"https:\/\/central.to.gov.br\/image\/324342?w=670&amp;h=383\"><\/p>\n\n\n\n<p>Reuni\u00e3o entre governador Wanderlei Barbosa e superintendente da Caixa no Tocantins, Tiago Pereira, contou com a participa\u00e7\u00e3o de secret\u00e1rios estaduais e do deputado federal Ricardo Ayres &#8211; Esequias Ara\u00fajo\/Governo do Tocantins<\/p>\n","protected":false},"excerpt":{"rendered":"<p>O governador do Tocantins, Wanderlei Barbosa, recebeu na tarde desta ter\u00e7a-feira, 4, o novo superintendente da Caixa Econ\u00f4mica Federal no Tocantins, Tiago Pereira da Silva Neto. Essa foi a primeira visita do executivo ao governador e teve como objetivo refor\u00e7ar a parceria entre o Governo do Estado e a institui\u00e7\u00e3o financeira. Tamb\u00e9m participaram da reuni\u00e3o [&hellip;]<\/p>\n","protected":false},"author":2,"featured_media":15383,"comment_status":"open","ping_status":"open","sticky":false,"template":"","format":"standard","meta":[],"categories":[3],"tags":[13],"_links":{"self":[{"href":"https:\/\/dgospel.com.br\/portal\/index.php\/wp-json\/wp\/v2\/posts\/15382"}],"collection":[{"href":"https:\/\/dgospel.com.br\/portal\/index.php\/wp-json\/wp\/v2\/posts"}],"about":[{"href":"https:\/\/dgospel.com.br\/portal\/index.php\/wp-json\/wp\/v2\/types\/post"}],"author":[{"embeddable":true,"href":"https:\/\/dgospel.com.br\/portal\/index.php\/wp-json\/wp\/v2\/users\/2"}],"replies":[{"embeddable":true,"href":"https:\/\/dgospel.com.br\/portal\/index.php\/wp-json\/wp\/v2\/comments?post=15382"}],"version-history":[{"count":1,"href":"https:\/\/dgospel.com.br\/portal\/index.php\/wp-json\/wp\/v2\/posts\/15382\/revisions"}],"predecessor-version":[{"id":15384,"href":"https:\/\/dgospel.com.br\/portal\/index.php\/wp-json\/wp\/v2\/posts\/15382\/revisions\/15384"}],"wp:featuredmedia":[{"embeddable":true,"href":"https:\/\/dgospel.com.br\/portal\/index.php\/wp-json\/wp\/v2\/media\/15383"}],"wp:attachment":[{"href":"https:\/\/dgospel.com.br\/portal\/index.php\/wp-json\/wp\/v2\/media?parent=15382"}],"wp:term":[{"taxonomy":"category","embeddable":true,"href":"https:\/\/dgospel.com.br\/portal\/index.php\/wp-json\/wp\/v2\/categories?post=15382"},{"taxonomy":"post_tag","embeddable":true,"href":"https:\/\/dgospel.com.br\/portal\/index.php\/wp-json\/wp\/v2\/tags?post=15382"}],"curies":[{"name":"wp","href":"https:\/\/api.w.org\/{rel}","templated":true}]}}