{"id":15388,"date":"2023-04-05T20:20:27","date_gmt":"2023-04-05T23:20:27","guid":{"rendered":"http:\/\/dgospel.com.br\/portal\/?p=15388"},"modified":"2023-04-05T20:20:28","modified_gmt":"2023-04-05T23:20:28","slug":"tarcisio-torna-a-marcha-para-jesus-patrimonio-de-sp-e-recebe-convite-para-o-evento","status":"publish","type":"post","link":"https:\/\/dgospel.com.br\/portal\/index.php\/2023\/04\/05\/tarcisio-torna-a-marcha-para-jesus-patrimonio-de-sp-e-recebe-convite-para-o-evento\/","title":{"rendered":"Tarc\u00edsio torna a Marcha para Jesus patrim\u00f4nio de SP e recebe convite para o evento"},"content":{"rendered":"\n<p>Considerado o maior evento evang\u00e9lico ao ar livre do mundo, a Marcha para Jesus completar\u00e1 no Brasil a sua 31\u00aa edi\u00e7\u00e3o, e dessa vez poder\u00e1 contar com a presen\u00e7a de autoridades que nunca participaram da celebra\u00e7\u00e3o, como o presidente Luiz In\u00e1cio Lula da Silva.<\/p>\n\n\n\n<p>Se, por um lado, a presen\u00e7a de Lula na Marcha para Jesus \u00e9 incerta e pouco prov\u00e1vel, a ida do governador paulista Tarc\u00edsio de Freitas pode ser dada como certa, tendo em vista a sua aproxima\u00e7\u00e3o com os evang\u00e9licos e uma recente decis\u00e3o tomada por ele, ao sancionar uma lei que torna o evento patrim\u00f4nio imaterial de S\u00e3o Paulo.<\/p>\n\n\n\n<p>No \u00faltimo dia 03, o ap\u00f3stolo Estevam Hernandes, respons\u00e1vel por trazer o evento para o Brasil na d\u00e9cada de 1990, esteve pessoalmente com Tarc\u00edsio para lhe entregar o convite oficial da Marcha. Uma foto ao lado do gestor foi postada no&nbsp;<a href=\"https:\/\/www.instagram.com\/p\/CqlRogxpg18\/\">Instagram<\/a>&nbsp;do l\u00edder religioso.<\/p>\n\n\n\n<p>Conforme o GospelMais&nbsp;<a href=\"https:\/\/noticias.gospelmais.com.br\/lula-convite-para-marcha-para-jesus-estevam-hernandes-161024.html\">j\u00e1 havia noticiado,<\/a>&nbsp;Hernandes tamb\u00e9m j\u00e1 confirmou o envio do convite para Lula. De pr\u00e1xis, todos os presidentes e autoridades estaduais s\u00e3o convidados para a Marcha para Jesus.<\/p>\n\n\n\n<h2>Tr\u00eas d\u00e9cadas de evento<\/h2>\n\n\n\n<p>Ao comentar a edi\u00e7\u00e3o da Marcha para Jesus 2023, Estevam Hernandes destacou a import\u00e2ncia do evento que j\u00e1 \u00e9 realizado h\u00e1 tr\u00eas d\u00e9cadas consecutivas, demonstrando o forte apoio da popula\u00e7\u00e3o brasileira que \u00e9, em sua maioria, constitu\u00edda de crist\u00e3os.<\/p>\n\n\n\n<p>\u201cS\u00e3o mais de 30 anos saindo \u00e0s ruas e orando pelo Brasil. O sentimento verdadeiro de honrar Jesus Cristo \u00e9 o que agrega tantas pessoas. Mesmo depois de tantos anos, o evento continua impactando\u201d, disse o ap\u00f3stolo, segundo o&nbsp;<a href=\"https:\/\/www.renasceremcristo.com.br\/post\/marcha-para-jesus-2023-ter%C3%A1-jantar-de-lan%C3%A7amento\">site<\/a>&nbsp;oficial da Renascer em Cristo, igreja liderada por ele e sua esposa, a bispa S\u00f4nia Hernandes.<\/p>\n\n\n\n<p>\u201cIsso mostra o crescimento do evangelho no pa\u00eds. \u00c9 uma grande resposta de ora\u00e7\u00e3o e um resultado de anos de trabalho. A Marcha para Jesus n\u00e3o foi criada para exaltar nenhum homem, \u00e9 a express\u00e3o do mover do Esp\u00edrito Santo, do nosso amor por Jesus e um ato prof\u00e9tico\u201d, concluiu.<\/p>\n","protected":false},"excerpt":{"rendered":"<p>Considerado o maior evento evang\u00e9lico ao ar livre do mundo, a Marcha para Jesus completar\u00e1 no Brasil a sua 31\u00aa edi\u00e7\u00e3o, e dessa vez poder\u00e1 contar com a presen\u00e7a de autoridades que nunca participaram da celebra\u00e7\u00e3o, como o presidente Luiz In\u00e1cio Lula da Silva. Se, por um lado, a presen\u00e7a de Lula na Marcha para [&hellip;]<\/p>\n","protected":false},"author":2,"featured_media":15389,"comment_status":"open","ping_status":"open","sticky":false,"template":"","format":"standard","meta":[],"categories":[5],"tags":[],"_links":{"self":[{"href":"https:\/\/dgospel.com.br\/portal\/index.php\/wp-json\/wp\/v2\/posts\/15388"}],"collection":[{"href":"https:\/\/dgospel.com.br\/portal\/index.php\/wp-json\/wp\/v2\/posts"}],"about":[{"href":"https:\/\/dgospel.com.br\/portal\/index.php\/wp-json\/wp\/v2\/types\/post"}],"author":[{"embeddable":true,"href":"https:\/\/dgospel.com.br\/portal\/index.php\/wp-json\/wp\/v2\/users\/2"}],"replies":[{"embeddable":true,"href":"https:\/\/dgospel.com.br\/portal\/index.php\/wp-json\/wp\/v2\/comments?post=15388"}],"version-history":[{"count":1,"href":"https:\/\/dgospel.com.br\/portal\/index.php\/wp-json\/wp\/v2\/posts\/15388\/revisions"}],"predecessor-version":[{"id":15390,"href":"https:\/\/dgospel.com.br\/portal\/index.php\/wp-json\/wp\/v2\/posts\/15388\/revisions\/15390"}],"wp:featuredmedia":[{"embeddable":true,"href":"https:\/\/dgospel.com.br\/portal\/index.php\/wp-json\/wp\/v2\/media\/15389"}],"wp:attachment":[{"href":"https:\/\/dgospel.com.br\/portal\/index.php\/wp-json\/wp\/v2\/media?parent=15388"}],"wp:term":[{"taxonomy":"category","embeddable":true,"href":"https:\/\/dgospel.com.br\/portal\/index.php\/wp-json\/wp\/v2\/categories?post=15388"},{"taxonomy":"post_tag","embeddable":true,"href":"https:\/\/dgospel.com.br\/portal\/index.php\/wp-json\/wp\/v2\/tags?post=15388"}],"curies":[{"name":"wp","href":"https:\/\/api.w.org\/{rel}","templated":true}]}}