{"id":15397,"date":"2023-04-08T21:32:23","date_gmt":"2023-04-09T00:32:23","guid":{"rendered":"http:\/\/dgospel.com.br\/portal\/?p=15397"},"modified":"2023-04-08T21:37:13","modified_gmt":"2023-04-09T00:37:13","slug":"em-congresso-da-igreja-de-cristo-deputado-gipao-destaca-beneficios-dos-eventos-gospel-para-a-sociedade","status":"publish","type":"post","link":"https:\/\/dgospel.com.br\/portal\/index.php\/2023\/04\/08\/em-congresso-da-igreja-de-cristo-deputado-gipao-destaca-beneficios-dos-eventos-gospel-para-a-sociedade\/","title":{"rendered":"Em congresso da Igreja de Cristo deputado Gip\u00e3o destaca benef\u00edcios dos eventos gospel para a sociedade"},"content":{"rendered":"\n<p>O deputado estadual Aldair Costa (Gip\u00e3o), participou nesta quinta-feira (06), da abertura da 32\u00aa edi\u00e7\u00e3o do Congresso Internacional de Libera\u00e7\u00e3o Prof\u00e9tica, realizado pela Igreja de Cristo Minist\u00e9rio Apost\u00f3lico Nova Terra (MANT), em Palmas.<\/p>\n\n\n\n<p>O evento, que est\u00e1 acontecendo no Centro de Conven\u00e7\u00f5es Arnould Rodrigues, \u00e9 tradicionalmente realizado no per\u00edodo da Semana Santa e re\u00fane milhares de l\u00edderes e membros da denomina\u00e7\u00e3o de diferentes lugares.<\/p>\n\n\n\n<p>Gip\u00e3o falou \u00e0 nossa reportagem da satisfa\u00e7\u00e3o de ver a igreja reunida para celebrar a Deus em liberdade de culto e destacou o impacto econ\u00f4mico gerado pelo evento na capital do estado.<\/p>\n\n\n\n<p>&#8220;\u00c9 gratificante chegar aqui e presenciar tantas fam\u00edlias, jovens e crian\u00e7as, fazendo desse feriad\u00e3o um tempo especial de busca da presen\u00e7a de Deus. Essa liberdade para cultuar ao Senhor n\u00e3o tem pre\u00e7o e a igreja brasileira deve desfrutar disso. O outro detalhe \u00e9 ver tudo isso se refletir na economia, n\u00e3o podemos negar que a chegada de tanta gente de fora para o evento causa um impacto financeiro positivo na cidade, isto tamb\u00e9m deve ser levado em considera\u00e7\u00e3o\u201d, declarou o deputado.<\/p>\n\n\n\n<p>Segundo a organiza\u00e7\u00e3o, a rede hoteleira e de restaurantes de Palmas se preparam antecipadamente para o evento, que em edi\u00e7\u00f5es anteriores, chegou a reunir mais de 10 mil pessoas de v\u00e1rias regi\u00f5es do pa\u00eds.<\/p>\n\n\n\n<p>O ap\u00f3stolo Jesiel Arnold, da Igreja de Cristo de Aragua\u00edna, que est\u00e1 na capital para participar do congresso, salientou, que a celebra\u00e7\u00e3o \u00e9 de gratid\u00e3o a Deus pelas muitas vit\u00f3rias alcan\u00e7adas.<\/p>\n\n\n\n<p>\u201cEstamos recebendo gente do Par\u00e1, Tocantins, Maranh\u00e3o, Bahia, Fortaleza e Mato Grosso. \u00c9 uma programa\u00e7\u00e3o muito grande, com muita celebra\u00e7\u00e3o, com muito louvor, com muita alegria, muita gratid\u00e3o a Deus. Celebra\u00e7\u00e3o ao Senhor pelas vit\u00f3rias alcan\u00e7adas,\u201d disse o l\u00edder.<\/p>\n\n\n\n<p>Os l\u00edderes do MANT em Palmas, ap. Ben\u00e9 e apa. Vera, afirmam que a realiza\u00e7\u00e3o da Libera\u00e7\u00e3o Prof\u00e9tica em Palmas \u00e9 uma oportunidade \u00fanica de levar a mensagem de Deus a um n\u00famero maior de pessoas, levando esperan\u00e7a e transforma\u00e7\u00e3o para a vida de milhares de fi\u00e9is.<\/p>\n\n\n\n<p>O Congresso Internacional de Libera\u00e7\u00e3o Prof\u00e9tica segue at\u00e9 o pr\u00f3ximo dia 09 de abril, com apresenta\u00e7\u00e3o de v\u00e1rios cantores como: Theo Rubia, Samuel Messias e Mylla Karvalho e l\u00edderes do MANT.<\/p>\n","protected":false},"excerpt":{"rendered":"<p>O deputado estadual Aldair Costa (Gip\u00e3o), participou nesta quinta-feira (06), da abertura da 32\u00aa edi\u00e7\u00e3o do Congresso Internacional de Libera\u00e7\u00e3o Prof\u00e9tica, realizado pela Igreja de Cristo Minist\u00e9rio Apost\u00f3lico Nova Terra (MANT), em Palmas. O evento, que est\u00e1 acontecendo no Centro de Conven\u00e7\u00f5es Arnould Rodrigues, \u00e9 tradicionalmente realizado no per\u00edodo da Semana Santa e re\u00fane milhares [&hellip;]<\/p>\n","protected":false},"author":2,"featured_media":15400,"comment_status":"open","ping_status":"open","sticky":false,"template":"","format":"standard","meta":[],"categories":[5],"tags":[13],"_links":{"self":[{"href":"https:\/\/dgospel.com.br\/portal\/index.php\/wp-json\/wp\/v2\/posts\/15397"}],"collection":[{"href":"https:\/\/dgospel.com.br\/portal\/index.php\/wp-json\/wp\/v2\/posts"}],"about":[{"href":"https:\/\/dgospel.com.br\/portal\/index.php\/wp-json\/wp\/v2\/types\/post"}],"author":[{"embeddable":true,"href":"https:\/\/dgospel.com.br\/portal\/index.php\/wp-json\/wp\/v2\/users\/2"}],"replies":[{"embeddable":true,"href":"https:\/\/dgospel.com.br\/portal\/index.php\/wp-json\/wp\/v2\/comments?post=15397"}],"version-history":[{"count":1,"href":"https:\/\/dgospel.com.br\/portal\/index.php\/wp-json\/wp\/v2\/posts\/15397\/revisions"}],"predecessor-version":[{"id":15399,"href":"https:\/\/dgospel.com.br\/portal\/index.php\/wp-json\/wp\/v2\/posts\/15397\/revisions\/15399"}],"wp:featuredmedia":[{"embeddable":true,"href":"https:\/\/dgospel.com.br\/portal\/index.php\/wp-json\/wp\/v2\/media\/15400"}],"wp:attachment":[{"href":"https:\/\/dgospel.com.br\/portal\/index.php\/wp-json\/wp\/v2\/media?parent=15397"}],"wp:term":[{"taxonomy":"category","embeddable":true,"href":"https:\/\/dgospel.com.br\/portal\/index.php\/wp-json\/wp\/v2\/categories?post=15397"},{"taxonomy":"post_tag","embeddable":true,"href":"https:\/\/dgospel.com.br\/portal\/index.php\/wp-json\/wp\/v2\/tags?post=15397"}],"curies":[{"name":"wp","href":"https:\/\/api.w.org\/{rel}","templated":true}]}}