{"id":15404,"date":"2023-04-10T11:30:34","date_gmt":"2023-04-10T14:30:34","guid":{"rendered":"http:\/\/dgospel.com.br\/portal\/?p=15404"},"modified":"2023-04-10T11:30:36","modified_gmt":"2023-04-10T14:30:36","slug":"stj-e-composto-de-80-de-ministros-indicados-pelo-pt","status":"publish","type":"post","link":"https:\/\/dgospel.com.br\/portal\/index.php\/2023\/04\/10\/stj-e-composto-de-80-de-ministros-indicados-pelo-pt\/","title":{"rendered":"STJ \u00e9 composto de 80% de ministros indicados pelo PT"},"content":{"rendered":"\n<p>Dos 30 ministros que comp\u00f5em o Superior Tribunal de Justi\u00e7a (STJ), 24 foram indicados pelo PT, informou levantamento do site&nbsp;<em>Poder360,&nbsp;<\/em>publicado no domingo 9. Al\u00e9m disso, at\u00e9 2026, o presidente Lula poder\u00e1 indicar outros seis nomes \u00e0 Corte. Em dois mandatos, o petista emplacou dez nomes no STJ.<\/p>\n\n\n\n<p>A fun\u00e7\u00e3o do STJ \u00e9 julgar crimes praticados por governadores, desembargadores estaduais, federais, eleitorais e trabalhistas, conselheiros de Tribunais de Contas e procuradores da Rep\u00fablica. Um ministro do STJ preside o inqu\u00e9rito, conduzido pela Pol\u00edcia Federal e pelo Minist\u00e9rio P\u00fablico Federal.<\/p>\n\n\n\n<p>O STJ foi criado pela Constitui\u00e7\u00e3o, que estabelecia a indica\u00e7\u00e3o do presidente da Rep\u00fablica para os ministros da Corte. A Corte nasceu por causa da extin\u00e7\u00e3o do Tribunal Federal de Recursos, instalado a partir da Carta Magna de 1946.<\/p>\n\n\n\n<figure class=\"wp-block-image\" id=\"attachment_741765\"><a href=\"https:\/\/medias.revistaoeste.com\/media-prod\/wp-content\/uploads\/2023\/04\/captura-de-tela-2023-04-10-as-06-40-57.png\"><img src=\"https:\/\/medias.revistaoeste.com\/media-prod\/wp-content\/uploads\/2023\/04\/captura-de-tela-2023-04-10-as-06-40-57.png\" alt=\"ministros PT\" class=\"wp-image-741765\"\/><\/a><figcaption><br><\/figcaption><\/figure>\n\n\n\n<h2>PT vai indicar ministros do STF<\/h2>\n\n\n\n<p>Al\u00e9m de ministros no STJ, o PT vai indicar dois nomes ao Supremo Tribunal Federal.&nbsp;As vagas ser\u00e3o abertas com as aposentadorias da presidente da Corte, Rosa Weber, e de Ricardo Lewandowski. Em s\u00edntese, a composi\u00e7\u00e3o da Corte permanecer\u00e1 tingida de vermelho: sete indica\u00e7\u00f5es do PT.<\/p>\n\n\n\n<p>Depois de Lewandowski e Rosa Weber, o pr\u00f3ximo ministro a se aposentar \u00e9 Luiz Fux, em 2028. Do total de integrantes da Corte, Nunes Marques e Mendon\u00e7a s\u00e3o os ministros mais novos do STF. Tamb\u00e9m s\u00e3o os que ficar\u00e3o mais tempo dos 11 que integram a Corte hoje. Ambos se aposentar\u00e3o em 2047.<\/p>\n","protected":false},"excerpt":{"rendered":"<p>Dos 30 ministros que comp\u00f5em o Superior Tribunal de Justi\u00e7a (STJ), 24 foram indicados pelo PT, informou levantamento do site&nbsp;Poder360,&nbsp;publicado no domingo 9. Al\u00e9m disso, at\u00e9 2026, o presidente Lula poder\u00e1 indicar outros seis nomes \u00e0 Corte. Em dois mandatos, o petista emplacou dez nomes no STJ. A fun\u00e7\u00e3o do STJ \u00e9 julgar crimes praticados [&hellip;]<\/p>\n","protected":false},"author":2,"featured_media":15405,"comment_status":"open","ping_status":"open","sticky":false,"template":"","format":"standard","meta":[],"categories":[10],"tags":[],"_links":{"self":[{"href":"https:\/\/dgospel.com.br\/portal\/index.php\/wp-json\/wp\/v2\/posts\/15404"}],"collection":[{"href":"https:\/\/dgospel.com.br\/portal\/index.php\/wp-json\/wp\/v2\/posts"}],"about":[{"href":"https:\/\/dgospel.com.br\/portal\/index.php\/wp-json\/wp\/v2\/types\/post"}],"author":[{"embeddable":true,"href":"https:\/\/dgospel.com.br\/portal\/index.php\/wp-json\/wp\/v2\/users\/2"}],"replies":[{"embeddable":true,"href":"https:\/\/dgospel.com.br\/portal\/index.php\/wp-json\/wp\/v2\/comments?post=15404"}],"version-history":[{"count":1,"href":"https:\/\/dgospel.com.br\/portal\/index.php\/wp-json\/wp\/v2\/posts\/15404\/revisions"}],"predecessor-version":[{"id":15406,"href":"https:\/\/dgospel.com.br\/portal\/index.php\/wp-json\/wp\/v2\/posts\/15404\/revisions\/15406"}],"wp:featuredmedia":[{"embeddable":true,"href":"https:\/\/dgospel.com.br\/portal\/index.php\/wp-json\/wp\/v2\/media\/15405"}],"wp:attachment":[{"href":"https:\/\/dgospel.com.br\/portal\/index.php\/wp-json\/wp\/v2\/media?parent=15404"}],"wp:term":[{"taxonomy":"category","embeddable":true,"href":"https:\/\/dgospel.com.br\/portal\/index.php\/wp-json\/wp\/v2\/categories?post=15404"},{"taxonomy":"post_tag","embeddable":true,"href":"https:\/\/dgospel.com.br\/portal\/index.php\/wp-json\/wp\/v2\/tags?post=15404"}],"curies":[{"name":"wp","href":"https:\/\/api.w.org\/{rel}","templated":true}]}}