{"id":15417,"date":"2023-04-11T16:35:47","date_gmt":"2023-04-11T19:35:47","guid":{"rendered":"http:\/\/dgospel.com.br\/portal\/?p=15417"},"modified":"2023-04-11T16:35:48","modified_gmt":"2023-04-11T19:35:48","slug":"leo-barbosa-solicita-a-implantacao-de-unidades-do-centro-especializado-em-reabilitacao-cer-em-guarai-e-dianopolis","status":"publish","type":"post","link":"https:\/\/dgospel.com.br\/portal\/index.php\/2023\/04\/11\/leo-barbosa-solicita-a-implantacao-de-unidades-do-centro-especializado-em-reabilitacao-cer-em-guarai-e-dianopolis\/","title":{"rendered":"L\u00e9o Barbosa solicita a implanta\u00e7\u00e3o de unidades do Centro Especializado em Reabilita\u00e7\u00e3o &#8211; CER em Guara\u00ed e Dian\u00f3polis"},"content":{"rendered":"\n<p>Durante a manh\u00e3 desta ter\u00e7a-feira, 11, o deputado estadual L\u00e9o Barbosa (Republicanos) apresentou na Assembleia Legislativa do Tocantins (Aleto) dois requerimentos solicitando ao Governo do Estado a implanta\u00e7\u00e3o de Unidades do Centro Especializado de Reabilita\u00e7\u00e3o \u2013 CER, nos munic\u00edpios de Dian\u00f3polis e Guara\u00ed.<\/p>\n\n\n\n<p>\u201cNos chama a aten\u00e7\u00e3o o tamanho da demanda por atendimentos de pessoas com defici\u00eancia nas cidades do interior do Estado. Muitas pessoas precisam vir a Palmas ou ir a Colinas para atendimentos nos CER, e Dian\u00f3polis e Guara\u00ed s\u00e3o munic\u00edpios polos, que podem comportar as demandas das suas regi\u00f5es\u201d, destacou L\u00e9o durante a sess\u00e3o.<\/p>\n\n\n\n<p>Segundo o parlamentar, o Governo do Estado e a Secretaria da Sa\u00fade, por interm\u00e9dio da Superintend\u00eancia da Rede de Cuidados \u00e0 Pessoa com Defici\u00eancia, t\u00eam trabalhado para garantir melhorias no atendimento.&nbsp;\u201cA pauta da pessoa com defici\u00eancia vai ser uma t\u00f4nica do nosso mandato, da Secretaria da Sa\u00fade e da Educa\u00e7\u00e3o, e quero refor\u00e7ar o meu compromisso com a pessoa com defici\u00eancia e com os nossos CER. Que n\u00f3s possamos multiplicar esses postos de atendimentos para fortalecer a rede de aten\u00e7\u00e3o especializada\u201d, frisou.<\/p>\n","protected":false},"excerpt":{"rendered":"<p>Durante a manh\u00e3 desta ter\u00e7a-feira, 11, o deputado estadual L\u00e9o Barbosa (Republicanos) apresentou na Assembleia Legislativa do Tocantins (Aleto) dois requerimentos solicitando ao Governo do Estado a implanta\u00e7\u00e3o de Unidades do Centro Especializado de Reabilita\u00e7\u00e3o \u2013 CER, nos munic\u00edpios de Dian\u00f3polis e Guara\u00ed. \u201cNos chama a aten\u00e7\u00e3o o tamanho da demanda por atendimentos de pessoas [&hellip;]<\/p>\n","protected":false},"author":2,"featured_media":15418,"comment_status":"open","ping_status":"open","sticky":false,"template":"","format":"standard","meta":[],"categories":[8],"tags":[],"_links":{"self":[{"href":"https:\/\/dgospel.com.br\/portal\/index.php\/wp-json\/wp\/v2\/posts\/15417"}],"collection":[{"href":"https:\/\/dgospel.com.br\/portal\/index.php\/wp-json\/wp\/v2\/posts"}],"about":[{"href":"https:\/\/dgospel.com.br\/portal\/index.php\/wp-json\/wp\/v2\/types\/post"}],"author":[{"embeddable":true,"href":"https:\/\/dgospel.com.br\/portal\/index.php\/wp-json\/wp\/v2\/users\/2"}],"replies":[{"embeddable":true,"href":"https:\/\/dgospel.com.br\/portal\/index.php\/wp-json\/wp\/v2\/comments?post=15417"}],"version-history":[{"count":1,"href":"https:\/\/dgospel.com.br\/portal\/index.php\/wp-json\/wp\/v2\/posts\/15417\/revisions"}],"predecessor-version":[{"id":15419,"href":"https:\/\/dgospel.com.br\/portal\/index.php\/wp-json\/wp\/v2\/posts\/15417\/revisions\/15419"}],"wp:featuredmedia":[{"embeddable":true,"href":"https:\/\/dgospel.com.br\/portal\/index.php\/wp-json\/wp\/v2\/media\/15418"}],"wp:attachment":[{"href":"https:\/\/dgospel.com.br\/portal\/index.php\/wp-json\/wp\/v2\/media?parent=15417"}],"wp:term":[{"taxonomy":"category","embeddable":true,"href":"https:\/\/dgospel.com.br\/portal\/index.php\/wp-json\/wp\/v2\/categories?post=15417"},{"taxonomy":"post_tag","embeddable":true,"href":"https:\/\/dgospel.com.br\/portal\/index.php\/wp-json\/wp\/v2\/tags?post=15417"}],"curies":[{"name":"wp","href":"https:\/\/api.w.org\/{rel}","templated":true}]}}