{"id":15423,"date":"2023-04-11T17:00:56","date_gmt":"2023-04-11T20:00:56","guid":{"rendered":"http:\/\/dgospel.com.br\/portal\/?p=15423"},"modified":"2023-04-11T17:00:58","modified_gmt":"2023-04-11T20:00:58","slug":"governo-do-tocantins-institui-comite-de-prevencao-a-violencia-e-promocao-da-cultura-de-paz-no-ambiente-escolar","status":"publish","type":"post","link":"https:\/\/dgospel.com.br\/portal\/index.php\/2023\/04\/11\/governo-do-tocantins-institui-comite-de-prevencao-a-violencia-e-promocao-da-cultura-de-paz-no-ambiente-escolar\/","title":{"rendered":"Governo do Tocantins institui comit\u00ea de preven\u00e7\u00e3o \u00e0 viol\u00eancia e promo\u00e7\u00e3o da cultura de paz no ambiente escolar"},"content":{"rendered":"\n<p>Para garantir a seguran\u00e7a de estudantes e servidores nas unidades escolares do Tocantins, o Governo do Tocantins instituiu um comit\u00ea de preven\u00e7\u00e3o \u00e0 viol\u00eancia e promo\u00e7\u00e3o da cultura de paz no ambiente escolar. Nesta ter\u00e7a-feira, 11, representantes da Secretaria de Estado da Educa\u00e7\u00e3o, da Secretaria de Estado da Seguran\u00e7a P\u00fablica e da Pol\u00edcia Militar iniciaram as discuss\u00f5es para as a\u00e7\u00f5es emergenciais, a m\u00e9dio e a longo prazo, visando combater situa\u00e7\u00f5es violentas nas escolas com medidas educativas e de seguran\u00e7a.<\/p>\n\n\n\n<p>O titular da Secretaria de Estado da Educa\u00e7\u00e3o do Tocantins (Seduc), F\u00e1bio Vaz, destacou que a rede estadual de ensino j\u00e1 realiza um trabalho preventivo com a\u00e7\u00f5es pedag\u00f3gicas de comunica\u00e7\u00e3o n\u00e3o violenta e acolhimento via orientadores educacionais. O gestor pontuou ainda o atendimento de equipe multiprofissional com psic\u00f3logos e assistentes sociais para estudantes das escolas estaduais.<\/p>\n\n\n\n<p>\u201cO Tocantins foi um dos primeiros a oferecer esse atendimento de psic\u00f3logos e assistentes sociais dentro da escola. Agora, diante deste cen\u00e1rio que se desenha, precisamos tomar medidas urgentes no que diz respeito ao acesso \u00e0s depend\u00eancias das escolas e na orienta\u00e7\u00e3o dos profissionais que atuam nas unidades. Por meio do comit\u00ea, o Governo do Tocantins visa garantir a integridade f\u00edsica dos alunos e dos servidores com medidas de seguran\u00e7a, mas tamb\u00e9m a\u00e7\u00f5es pedag\u00f3gicas, de orienta\u00e7\u00e3o, potencializando o trabalho de combate ao&nbsp;<em>bullying<\/em>&nbsp;e fortalecendo a cultura de paz nas unidades da rede estadual\u201d, afirmou F\u00e1bio Vaz.<\/p>\n\n\n\n<p><strong>For\u00e7as de Seguran\u00e7a<\/strong><\/p>\n\n\n\n<p>A superintendente de Seguran\u00e7a Integrada, da Secretaria de Estado da Seguran\u00e7a P\u00fablica (SSP), F\u00e1tima Holanda, ressaltou que as for\u00e7as de seguran\u00e7a est\u00e3o finalizando o documento com os protocolos de seguran\u00e7a a serem seguidos pelas unidades escolares. \u201cO caminho \u00e9 unirmos for\u00e7as para instalar o gabinete de preven\u00e7\u00e3o e construir os protocolos para que possamos trazer essa tranquilidade para estudantes, servidores, familiares e comunidade geral\u201d, destacou.<\/p>\n\n\n\n<p>Durante a reuni\u00e3o, tamb\u00e9m foi definida a formata\u00e7\u00e3o de um curso de capacita\u00e7\u00e3o pela Educa\u00e7\u00e3o, pela Seguran\u00e7a P\u00fablica e pela Pol\u00edcia Militar (PM), para que os profissionais possam identificar poss\u00edveis amea\u00e7as, se antecedendo \u00e0s situa\u00e7\u00f5es de viol\u00eancia.<\/p>\n\n\n\n<p>O chefe do Estado-Maior da Pol\u00edcia Militar, coronel Cl\u00e1udio Thomaz Coelho de Souza, pontuou a\u00e7\u00f5es urgentes como o policiamento no entorno das unidades de ensino, o fortalecimento do Programa Educacional de Resist\u00eancia \u00e0s Drogas e \u00e0 Viol\u00eancia (Proerd), que consiste em um esfor\u00e7o cooperativo entre Pol\u00edcia Militar, escolas e fam\u00edlias, com o objetivo de orientar os estudantes a viverem de maneira saud\u00e1vel, sem drogas e viol\u00eancia.<\/p>\n\n\n\n<p>\u201cO Governo do Tocantins tem avan\u00e7ado significativamente em a\u00e7\u00f5es efetivas para garantir a ordem e a paz, a exemplo do Proerd, que envolve os estudantes e a comunidade no combate \u00e0 viol\u00eancia, e conscientiza sobre o uso de drogas. Os incentivos ao esporte e o avan\u00e7o da implanta\u00e7\u00e3o das escolas militares e c\u00edvico militares colaboram nesse sentido de evitar que os alunos se envolvam em epis\u00f3dios violentos\u201d, ressaltou o chefe do Estado-Maior.<\/p>\n\n\n\n<p>O coronel Cl\u00e1udio Thomaz assegurou que o policiamento no entorno das escolas foi restabelecido e diversas provid\u00eancias est\u00e3o sendo tomadas para garantir a seguran\u00e7a nas escolas. \u201cCom o comit\u00ea institu\u00eddo, ser\u00e3o definidos protocolos e medidas, iniciando por a\u00e7\u00f5es pontuais e urgentes, mas tamb\u00e9m fortalecendo essa tem\u00e1tica de forma duradoura, a longo prazo, como pol\u00edtica p\u00fablica\u201d, ponderou.<\/p>\n\n\n\n<p><strong>Combate \u00e0s&nbsp;<\/strong><em><strong>fake news<\/strong><\/em><\/p>\n\n\n\n<p>Entre os encaminhamentos necess\u00e1rios, o grupo foi un\u00e2nime quanto \u00e0 urg\u00eancia do combate \u00e0 dissemina\u00e7\u00e3o de\u00a0<em>fake news<\/em>\u00a0e falsas amea\u00e7as via redes sociais e grupos de\u00a0<em>WhatsApp<\/em>. \u201cN\u00e3o podemos naturalizar a viol\u00eancia. Estamos realizando um chamamento para atua\u00e7\u00e3o em conjunto com as redes municipais e particulares, para definirmos as abordagens e as orienta\u00e7\u00f5es aos gestores escolares sobre as condutas que garantam seguran\u00e7a nas escolas, mantendo um clima de paz no ambiente escolar\u201d, reiterou F\u00e1bio Vaz.<\/p>\n\n\n\n<p><img src=\"https:\/\/central.to.gov.br\/image\/324710?w=670&amp;h=383\"><\/p>\n\n\n\n<p>Para garantir a seguran\u00e7a de estudantes e servidores nas unidades escolares do Tocantins, o Governo do Tocantins instituiu um comit\u00ea de preven\u00e7\u00e3o \u00e0 viol\u00eancia e promo\u00e7\u00e3o da cultura de paz no ambiente escolar &#8211; M\u00e1rcio Vieira\/Governo do Tocantins<\/p>\n","protected":false},"excerpt":{"rendered":"<p>Para garantir a seguran\u00e7a de estudantes e servidores nas unidades escolares do Tocantins, o Governo do Tocantins instituiu um comit\u00ea de preven\u00e7\u00e3o \u00e0 viol\u00eancia e promo\u00e7\u00e3o da cultura de paz no ambiente escolar. Nesta ter\u00e7a-feira, 11, representantes da Secretaria de Estado da Educa\u00e7\u00e3o, da Secretaria de Estado da Seguran\u00e7a P\u00fablica e da Pol\u00edcia Militar iniciaram [&hellip;]<\/p>\n","protected":false},"author":2,"featured_media":15424,"comment_status":"open","ping_status":"open","sticky":false,"template":"","format":"standard","meta":[],"categories":[3],"tags":[13],"_links":{"self":[{"href":"https:\/\/dgospel.com.br\/portal\/index.php\/wp-json\/wp\/v2\/posts\/15423"}],"collection":[{"href":"https:\/\/dgospel.com.br\/portal\/index.php\/wp-json\/wp\/v2\/posts"}],"about":[{"href":"https:\/\/dgospel.com.br\/portal\/index.php\/wp-json\/wp\/v2\/types\/post"}],"author":[{"embeddable":true,"href":"https:\/\/dgospel.com.br\/portal\/index.php\/wp-json\/wp\/v2\/users\/2"}],"replies":[{"embeddable":true,"href":"https:\/\/dgospel.com.br\/portal\/index.php\/wp-json\/wp\/v2\/comments?post=15423"}],"version-history":[{"count":1,"href":"https:\/\/dgospel.com.br\/portal\/index.php\/wp-json\/wp\/v2\/posts\/15423\/revisions"}],"predecessor-version":[{"id":15425,"href":"https:\/\/dgospel.com.br\/portal\/index.php\/wp-json\/wp\/v2\/posts\/15423\/revisions\/15425"}],"wp:featuredmedia":[{"embeddable":true,"href":"https:\/\/dgospel.com.br\/portal\/index.php\/wp-json\/wp\/v2\/media\/15424"}],"wp:attachment":[{"href":"https:\/\/dgospel.com.br\/portal\/index.php\/wp-json\/wp\/v2\/media?parent=15423"}],"wp:term":[{"taxonomy":"category","embeddable":true,"href":"https:\/\/dgospel.com.br\/portal\/index.php\/wp-json\/wp\/v2\/categories?post=15423"},{"taxonomy":"post_tag","embeddable":true,"href":"https:\/\/dgospel.com.br\/portal\/index.php\/wp-json\/wp\/v2\/tags?post=15423"}],"curies":[{"name":"wp","href":"https:\/\/api.w.org\/{rel}","templated":true}]}}