{"id":15426,"date":"2023-04-17T11:16:46","date_gmt":"2023-04-17T14:16:46","guid":{"rendered":"http:\/\/dgospel.com.br\/portal\/?p=15426"},"modified":"2023-04-17T11:16:48","modified_gmt":"2023-04-17T14:16:48","slug":"portugal-convoca-ato-contra-visita-de-lula-ao-pais-entenda","status":"publish","type":"post","link":"https:\/\/dgospel.com.br\/portal\/index.php\/2023\/04\/17\/portugal-convoca-ato-contra-visita-de-lula-ao-pais-entenda\/","title":{"rendered":"Portugal convoca ato contra visita de Lula ao pa\u00eds; entenda"},"content":{"rendered":"\n<p>O deputado l\u00edder do partido portugu\u00eas Iniciativa Liberal, Rui Rocha, est\u00e1 contrariado com a presen\u00e7a de Lula no pa\u00eds no fim deste m\u00eas e declarou neste domingo (16) que o parlamento portugu\u00eas \u201cn\u00e3o pode receber um aliado de Putin como Lula no 25 de abril\u201d.<\/p>\n\n\n\n<p>\u2013 A Assembleia da Rep\u00fablica que convidou Zelensky para discursar em 21 de abril de 2022 n\u00e3o pode receber um aliado de Putin como Lula no 25 de Abril. E o Presidente da Rep\u00fablica que atribuiu a Ordem da Liberdade a Zelensky n\u00e3o pode estar confort\u00e1vel com a presen\u00e7a de um aliado de Putin como Lula na AR no 25 de Abril \u2013 protestou Rui Rocha em seu Twitter.<\/p>\n\n\n\n<p>O vice-presidente do Partido Social Democrata (PSD), Paulo Rangel, cobrou do governo portugu\u00eas um posicionamento acerca das declara\u00e7\u00f5es de Lula em Pequim, onde o petista afirmou que a Uni\u00e3o Europeia, a Otan e os Estados Unidos est\u00e3o \u201cincentivando\u201d a guerra na Ucr\u00e2nia.<\/p>\n\n\n\n<p>Com a presen\u00e7a de Lula em Portugal no dia 25 deste m\u00eas, uma manifesta\u00e7\u00e3o foi convocada pelo partido conservador Chega. A sigla de Andr\u00e9 Ventura usou as redes sociais para convidar os portugueses para o ato em protesto \u00e0 presen\u00e7a do petista no pa\u00eds com o mote \u201cLugar de ladr\u00e3o \u00e9 na pris\u00e3o\u201d.<\/p>\n\n\n\n<figure class=\"wp-block-image\"><img src=\"https:\/\/static.cdn.pleno.news\/2023\/04\/Andr%C3%A9-Ventura-e-Lula.png\" alt=\"\" class=\"wp-image-1123924\"\/><figcaption>Manifesta\u00e7\u00e3o portuguesa contra Lula&nbsp;Foto: Reprodu\u00e7\u00e3o\/Twitter<\/figcaption><\/figure>\n\n\n\n<p>Est\u00e1 marcado para o dia 25 de abril um discurso de Lula no Parlamento Lusitano, mas por press\u00e3o de parlamentares de direita, foi decidido que a fala do presidente brasileiro n\u00e3o ser\u00e1 mais na sess\u00e3o principal, mas em uma sess\u00e3o solene.<\/p>\n\n\n\n<p>Em poucos dias, Lula proferiu diversas falas que colocaram o Brasil em rota de colis\u00e3o com diversas na\u00e7\u00f5es. Em Pequim, o petista disse que os Estados Unidos precisam deixar de \u201cincentivar a guerra e comecem a falar em paz\u201d.<\/p>\n\n\n\n<p>Neste domingo, Lula declarou que Estados Unidos e Uni\u00e3o Europeia incentivam a guerra. E mais, atribuiu a responsabilidade da guerra tamb\u00e9m \u00e0 Ucr\u00e2nia, que foi invadida e atacada pelos russos.<\/p>\n\n\n\n<p>Os principais jornais norte-americanos, Washington Post, Wall Street Journal e The New York Times, criticaram as coloca\u00e7\u00f5es de Lula ap\u00f3s encontro com Xi Jinping.<\/p>\n\n\n\n<p>Na quinta-feira (13), o Washington Post publicou um artigo advertindo que a viagem de Lula \u00e0 China ocorre \u201cem um momento em que as rela\u00e7\u00f5es entre Washington e Pequim se tornam cada vez mais tensas\u201d, e lamentou dizendo que o ocidente esperava que Lula fosse um parceiro, mas deixa claro que possui seus pr\u00f3prios interesses.<\/p>\n","protected":false},"excerpt":{"rendered":"<p>O deputado l\u00edder do partido portugu\u00eas Iniciativa Liberal, Rui Rocha, est\u00e1 contrariado com a presen\u00e7a de Lula no pa\u00eds no fim deste m\u00eas e declarou neste domingo (16) que o parlamento portugu\u00eas \u201cn\u00e3o pode receber um aliado de Putin como Lula no 25 de abril\u201d. \u2013 A Assembleia da Rep\u00fablica que convidou Zelensky para discursar [&hellip;]<\/p>\n","protected":false},"author":2,"featured_media":15427,"comment_status":"open","ping_status":"open","sticky":false,"template":"","format":"standard","meta":[],"categories":[4],"tags":[],"_links":{"self":[{"href":"https:\/\/dgospel.com.br\/portal\/index.php\/wp-json\/wp\/v2\/posts\/15426"}],"collection":[{"href":"https:\/\/dgospel.com.br\/portal\/index.php\/wp-json\/wp\/v2\/posts"}],"about":[{"href":"https:\/\/dgospel.com.br\/portal\/index.php\/wp-json\/wp\/v2\/types\/post"}],"author":[{"embeddable":true,"href":"https:\/\/dgospel.com.br\/portal\/index.php\/wp-json\/wp\/v2\/users\/2"}],"replies":[{"embeddable":true,"href":"https:\/\/dgospel.com.br\/portal\/index.php\/wp-json\/wp\/v2\/comments?post=15426"}],"version-history":[{"count":1,"href":"https:\/\/dgospel.com.br\/portal\/index.php\/wp-json\/wp\/v2\/posts\/15426\/revisions"}],"predecessor-version":[{"id":15428,"href":"https:\/\/dgospel.com.br\/portal\/index.php\/wp-json\/wp\/v2\/posts\/15426\/revisions\/15428"}],"wp:featuredmedia":[{"embeddable":true,"href":"https:\/\/dgospel.com.br\/portal\/index.php\/wp-json\/wp\/v2\/media\/15427"}],"wp:attachment":[{"href":"https:\/\/dgospel.com.br\/portal\/index.php\/wp-json\/wp\/v2\/media?parent=15426"}],"wp:term":[{"taxonomy":"category","embeddable":true,"href":"https:\/\/dgospel.com.br\/portal\/index.php\/wp-json\/wp\/v2\/categories?post=15426"},{"taxonomy":"post_tag","embeddable":true,"href":"https:\/\/dgospel.com.br\/portal\/index.php\/wp-json\/wp\/v2\/tags?post=15426"}],"curies":[{"name":"wp","href":"https:\/\/api.w.org\/{rel}","templated":true}]}}