{"id":15429,"date":"2023-04-17T11:24:11","date_gmt":"2023-04-17T14:24:11","guid":{"rendered":"http:\/\/dgospel.com.br\/portal\/?p=15429"},"modified":"2023-04-17T11:24:13","modified_gmt":"2023-04-17T14:24:13","slug":"amigo-de-lula-ditador-ortega-expulsa-freiras-do-pais-e-confisca-mosteiro","status":"publish","type":"post","link":"https:\/\/dgospel.com.br\/portal\/index.php\/2023\/04\/17\/amigo-de-lula-ditador-ortega-expulsa-freiras-do-pais-e-confisca-mosteiro\/","title":{"rendered":"Amigo de Lula, ditador Ortega expulsa freiras do pa\u00eds e confisca mosteiro"},"content":{"rendered":"\n<p>O regime do ditador da Nicar\u00e1gua, Daniel Ortega, amigo de Lula, expulsou, nesta semana, duas freiras que trabalhavam em uma casa de repouso. Isabel e Cecilia Blanco Cubillo s\u00e3o costa-riquenhas e atuavam na Congrega\u00e7\u00e3o Dominicana da Anuncia\u00e7\u00e3o. Elas chegaram ao pa\u00eds de origem na \u00faltima quarta-feira (12), segundo a Diocese de Tilar\u00e1n-Lib\u00e9ria.<\/p>\n\n\n\n<p>Na ter\u00e7a-feira (11), o governo de Ortega deu continuidade \u00e0 sua ofensiva contra a religi\u00e3o Cat\u00f3lica e confiscou um mosteiro de freiras trapistas, em San Pedro de L\u00f3vago, em Chontales. A ditadura entregou o pr\u00e9dio para o Instituto Nicaraguense de Tecnologia Agr\u00edcola.<\/p>\n\n\n\n<p>Daniel Ortega havia proibido a Igreja Cat\u00f3lica da Nicar\u00e1gua de celebrar as prociss\u00f5es de rua durante o per\u00edodo religioso da Quaresma e Semana Santa.<\/p>\n\n\n\n<p>Ele classificou a Igreja Cat\u00f3lica como \u201cuma m\u00e1fia organizada\u201d e acusou a institui\u00e7\u00e3o de ser antidemocr\u00e1tica por n\u00e3o permitir que cat\u00f3licos elejam o papa, cardeais, bispos e padres por meio do voto direto.<\/p>\n\n\n\n<p>Ortega e o presidente Lula (PT) nutrem amizade de longa data.<\/p>\n","protected":false},"excerpt":{"rendered":"<p>O regime do ditador da Nicar\u00e1gua, Daniel Ortega, amigo de Lula, expulsou, nesta semana, duas freiras que trabalhavam em uma casa de repouso. Isabel e Cecilia Blanco Cubillo s\u00e3o costa-riquenhas e atuavam na Congrega\u00e7\u00e3o Dominicana da Anuncia\u00e7\u00e3o. Elas chegaram ao pa\u00eds de origem na \u00faltima quarta-feira (12), segundo a Diocese de Tilar\u00e1n-Lib\u00e9ria. Na ter\u00e7a-feira (11), [&hellip;]<\/p>\n","protected":false},"author":2,"featured_media":15430,"comment_status":"open","ping_status":"open","sticky":false,"template":"","format":"standard","meta":[],"categories":[16],"tags":[],"_links":{"self":[{"href":"https:\/\/dgospel.com.br\/portal\/index.php\/wp-json\/wp\/v2\/posts\/15429"}],"collection":[{"href":"https:\/\/dgospel.com.br\/portal\/index.php\/wp-json\/wp\/v2\/posts"}],"about":[{"href":"https:\/\/dgospel.com.br\/portal\/index.php\/wp-json\/wp\/v2\/types\/post"}],"author":[{"embeddable":true,"href":"https:\/\/dgospel.com.br\/portal\/index.php\/wp-json\/wp\/v2\/users\/2"}],"replies":[{"embeddable":true,"href":"https:\/\/dgospel.com.br\/portal\/index.php\/wp-json\/wp\/v2\/comments?post=15429"}],"version-history":[{"count":1,"href":"https:\/\/dgospel.com.br\/portal\/index.php\/wp-json\/wp\/v2\/posts\/15429\/revisions"}],"predecessor-version":[{"id":15431,"href":"https:\/\/dgospel.com.br\/portal\/index.php\/wp-json\/wp\/v2\/posts\/15429\/revisions\/15431"}],"wp:featuredmedia":[{"embeddable":true,"href":"https:\/\/dgospel.com.br\/portal\/index.php\/wp-json\/wp\/v2\/media\/15430"}],"wp:attachment":[{"href":"https:\/\/dgospel.com.br\/portal\/index.php\/wp-json\/wp\/v2\/media?parent=15429"}],"wp:term":[{"taxonomy":"category","embeddable":true,"href":"https:\/\/dgospel.com.br\/portal\/index.php\/wp-json\/wp\/v2\/categories?post=15429"},{"taxonomy":"post_tag","embeddable":true,"href":"https:\/\/dgospel.com.br\/portal\/index.php\/wp-json\/wp\/v2\/tags?post=15429"}],"curies":[{"name":"wp","href":"https:\/\/api.w.org\/{rel}","templated":true}]}}