{"id":15445,"date":"2023-04-18T12:47:59","date_gmt":"2023-04-18T15:47:59","guid":{"rendered":"http:\/\/dgospel.com.br\/portal\/?p=15445"},"modified":"2023-04-18T12:48:00","modified_gmt":"2023-04-18T15:48:00","slug":"no-jalapao-governador-entrega-as-primeiras-torres-de-projeto-que-vai-conectar-comunidades-tradicionais-do-tocantins-ao-mundo","status":"publish","type":"post","link":"https:\/\/dgospel.com.br\/portal\/index.php\/2023\/04\/18\/no-jalapao-governador-entrega-as-primeiras-torres-de-projeto-que-vai-conectar-comunidades-tradicionais-do-tocantins-ao-mundo\/","title":{"rendered":"No Jalap\u00e3o, governador entrega as primeiras torres de projeto que vai conectar comunidades tradicionais do Tocantins ao mundo"},"content":{"rendered":"\n<p>Aldeias ind\u00edgenas, quilombos e outras comunidades tradicionais do Estado do Tocantins est\u00e3o a apenas um clique de dist\u00e2ncia do restante do Globo. O governador Wanderlei Barbosa entregou as primeiras torres de internet gratuita nas comunidades quilombolas do Prata e do Mumbuca, localizadas na regi\u00e3o do Jalap\u00e3o. \u00c9 a primeira vez que uma pol\u00edtica p\u00fablica de Estado leva internet sem fio, de gra\u00e7a, a essas localidades.<\/p>\n\n\n\n<p>No Jalap\u00e3o, Wanderlei Barbosa acompanhou uma vistoria t\u00e9cnica, verificou a velocidade de conex\u00e3o e o raio de alcance do sinal de internet, e at\u00e9 gravou v\u00eddeos e postou nas redes, diretamente do quilombo. &#8220;\u00c9 um projeto importante, porque garante \u00e0s comunidades mais remotas, aos nossos povos origin\u00e1rios e tradicionais, acessibilidade e conex\u00e3o. O nosso objetivo \u00e9 melhorar o acesso dos tocantinenses que aqui moram aos servi\u00e7os que hoje em dia s\u00e3o viabilizados pela rede, como educa\u00e7\u00e3o e sa\u00fade, al\u00e9m de facilitar a atividade tur\u00edstica e a comunica\u00e7\u00e3o dos moradores\u201d, destacou.<\/p>\n\n\n\n<p>Para testar o sistema, o Governador fez uma videochamada com a secret\u00e1ria de Estado dos Povos Origin\u00e1rios e Tradicionais, Narubia Werreria, que estava a cerca de 600 quil\u00f4metros de dist\u00e2ncia, em Palmas. &#8220;Essa \u00e9 uma liga\u00e7\u00e3o-teste, secret\u00e1ria, para lhe dizer que estamos muito contentes em entregar esse projeto aos tocantinenses&#8221;, afirmou durante a chamada. &#8220;Tamb\u00e9m estou muito feliz. O senhor \u00e9 o primeiro Governador que cuida dos povos origin\u00e1rios e tradicionais do Tocantins, o que, para n\u00f3s, \u00e9 um marco hist\u00f3rico&#8221;, respondeu a secret\u00e1ria.<\/p>\n\n\n\n<p><strong>Conex\u00e3o<\/strong><\/p>\n\n\n\n<p>A internet chega atrav\u00e9s de fibra \u00f3ptica a um totem instalado no centro das comunidades,&nbsp;a partir da\u00ed o sinal \u00e9 distribu\u00eddo via&nbsp;<em>wi-fi<\/em>, cobrindo um raio de at\u00e9 200 metros. A internet sem fio suporta at\u00e9 350 dispositivos conectados simultaneamente, com velocidade de 10 Mbps.<\/p>\n\n\n\n<p>Empolgada com a novidade, dona Martina Tavares, moradora do Mumbuca, aproveitou para matar a saudade da filha que mora na Europa. &#8220;S\u00f3 de poder falar com a fam\u00edlia j\u00e1 \u00e9 uma grande vantagem. Tem dias que bate uma saudade do povo&#8230;. Tem gente morando em todo lugar, em Ponte Alta, Goi\u00e2nia, at\u00e9 na It\u00e1lia tenho gente, minha filha, que eu j\u00e1 liguei para poder ver e conversar&#8221;, disse a matriarca.<\/p>\n\n\n\n<p>O sinal de&nbsp;<em>wi-fi<\/em>&nbsp;chega aos principais pontos das comunidades, abrangendo, inclusive, escolas, o que vai melhorar, tamb\u00e9m, o acesso dos estudantes a conte\u00fados educativos. &#8220;Melhorou consideravelmente nossa situa\u00e7\u00e3o. Agora, os estudantes universit\u00e1rios, das nossas escolas locais, e professores t\u00eam acesso \u00e0 internet para fazer pesquisas, responder atividades e aprender mais&#8221;, informou a professora Leni Francisca de Souza.<\/p>\n\n\n\n<p><strong>Turismo<\/strong><\/p>\n\n\n\n<p>A chegada da internet promete incentivar, tamb\u00e9m, a atividade tur\u00edstica no Jalap\u00e3o. Parte da renda das fam\u00edlias do Prata e do Mumbuca vem da explora\u00e7\u00e3o tur\u00edstica. A conectividade vai facilitar transa\u00e7\u00f5es financeiras, como o&nbsp;<em>pix<\/em>, al\u00e9m de viabilizar a comunica\u00e7\u00e3o entre turistas e postagens nas redes sociais, aumentando o engajamento da regi\u00e3o nas redes sociais.<\/p>\n\n\n\n<p>De acordo com o secret\u00e1rio de Estado do Turismo, Hercy Filho, cerca de 74% das rotas tur\u00edsticas no Tocantins ainda n\u00e3o s\u00e3o cobertas por sinal de internet. &#8220;Estruturar os destinos tur\u00edsticos na rede mundial \u00e9 tudo de que a atividade precisa para se fortalecer e desenvolver. Hoje, o governador lan\u00e7a esse projeto-piloto com a perspectiva de que nossos principais atrativos estejam contemplados nessa primeira etapa. O Tocantins d\u00e1 um salto muito grande com a estrutura\u00e7\u00e3o desse projeto&#8221;, afirmou.<\/p>\n\n\n\n<p><strong>Projeto<\/strong><\/p>\n\n\n\n<p>Idealizado pelo deputado estadual L\u00e9o Barbosa, o projeto levar\u00e1 internet gratuita a 612 comunidades tradicionais do Tocantins at\u00e9 o fim do ano.<\/p>\n\n\n\n<p>&#8220;\u00c9 um direito de todos ter acesso \u00e0 comunica\u00e7\u00e3o e aos servi\u00e7os banc\u00e1rios. At\u00e9 mesmo atendimentos de sa\u00fade, hoje em dia, s\u00e3o facilitados pelo acesso \u00e0 comunica\u00e7\u00e3o. Esse projeto foi pensado para tirar as comunidades do isolamento e poder ligar todo o Tocantins ao mundo digital&#8221;, explicou o deputado.<\/p>\n\n\n\n<p>A comunidade aprovou a iniciativa. &#8220;Facilitou muito a comunica\u00e7\u00e3o com nossas fam\u00edlias fora daqui. Agora, n\u00e3o preciso mais sair daqui, ou seja, fazer uma viagem para conversar com algu\u00e9m&#8221;, afirmou o morador do Prata, Neildo Patr\u00edcio.<\/p>\n\n\n\n<p><\/p>\n\n\n\n<p><img src=\"https:\/\/central.to.gov.br\/image\/325603?w=670&amp;h=383\"><\/p>\n\n\n\n<p>Idealizado pelo deputado estadual L\u00e9o Barbosa, o projeto levar\u00e1 internet gratuita a 612 comunidades tradicionais do Tocantins at\u00e9 o fim do ano &#8211; Ant\u00f4nio Gon\u00e7alves\/Governo do Tocantins<\/p>\n\n\n\n<p><img src=\"https:\/\/central.to.gov.br\/image\/325605?w=670&amp;h=383\"><\/p>\n\n\n\n<p>Empolgada com a novidade, dona Martina Tavares, moradora do Mumbuca, aproveitou para matar a saudade da filha que mora na Europa &#8211; Ant\u00f4nio Gon\u00e7alves\/Governo do Tocantins\u00a0<\/p>\n\n\n\n<p><img src=\"https:\/\/central.to.gov.br\/image\/325606?w=670&amp;h=383\"><\/p>\n\n\n\n<p>&#8220;Melhorou consideravelmente nossa situa\u00e7\u00e3o. Agora, os estudantes universit\u00e1rios, das nossas escolas locais, e professores t\u00eam acesso \u00e0 internet para fazer pesquisas, responder atividades e aprender mais&#8221;, informou a professora Leni Francisca de Souza &#8211; Ant\u00f4nio Gon\u00e7alves\/Governo do Tocantins\u00a0<\/p>\n\n\n\n<p><img src=\"https:\/\/central.to.gov.br\/image\/325607?w=670&amp;h=383\"><\/p>\n\n\n\n<p>&#8220;Facilitou muito a comunica\u00e7\u00e3o com nossas fam\u00edlias fora daqui. Agora, n\u00e3o preciso mais sair daqui, ou seja, fazer uma viagem para conversar com algu\u00e9m&#8221;, afirmou o morador do Prata, Neildo Patr\u00edcio &#8211; Ant\u00f4nio Gon\u00e7alves\/Governo do Tocantins&nbsp;<\/p>\n","protected":false},"excerpt":{"rendered":"<p>Aldeias ind\u00edgenas, quilombos e outras comunidades tradicionais do Estado do Tocantins est\u00e3o a apenas um clique de dist\u00e2ncia do restante do Globo. O governador Wanderlei Barbosa entregou as primeiras torres de internet gratuita nas comunidades quilombolas do Prata e do Mumbuca, localizadas na regi\u00e3o do Jalap\u00e3o. \u00c9 a primeira vez que uma pol\u00edtica p\u00fablica de [&hellip;]<\/p>\n","protected":false},"author":2,"featured_media":15446,"comment_status":"open","ping_status":"open","sticky":false,"template":"","format":"standard","meta":[],"categories":[3],"tags":[13],"_links":{"self":[{"href":"https:\/\/dgospel.com.br\/portal\/index.php\/wp-json\/wp\/v2\/posts\/15445"}],"collection":[{"href":"https:\/\/dgospel.com.br\/portal\/index.php\/wp-json\/wp\/v2\/posts"}],"about":[{"href":"https:\/\/dgospel.com.br\/portal\/index.php\/wp-json\/wp\/v2\/types\/post"}],"author":[{"embeddable":true,"href":"https:\/\/dgospel.com.br\/portal\/index.php\/wp-json\/wp\/v2\/users\/2"}],"replies":[{"embeddable":true,"href":"https:\/\/dgospel.com.br\/portal\/index.php\/wp-json\/wp\/v2\/comments?post=15445"}],"version-history":[{"count":1,"href":"https:\/\/dgospel.com.br\/portal\/index.php\/wp-json\/wp\/v2\/posts\/15445\/revisions"}],"predecessor-version":[{"id":15447,"href":"https:\/\/dgospel.com.br\/portal\/index.php\/wp-json\/wp\/v2\/posts\/15445\/revisions\/15447"}],"wp:featuredmedia":[{"embeddable":true,"href":"https:\/\/dgospel.com.br\/portal\/index.php\/wp-json\/wp\/v2\/media\/15446"}],"wp:attachment":[{"href":"https:\/\/dgospel.com.br\/portal\/index.php\/wp-json\/wp\/v2\/media?parent=15445"}],"wp:term":[{"taxonomy":"category","embeddable":true,"href":"https:\/\/dgospel.com.br\/portal\/index.php\/wp-json\/wp\/v2\/categories?post=15445"},{"taxonomy":"post_tag","embeddable":true,"href":"https:\/\/dgospel.com.br\/portal\/index.php\/wp-json\/wp\/v2\/tags?post=15445"}],"curies":[{"name":"wp","href":"https:\/\/api.w.org\/{rel}","templated":true}]}}