{"id":15448,"date":"2023-04-18T12:50:30","date_gmt":"2023-04-18T15:50:30","guid":{"rendered":"http:\/\/dgospel.com.br\/portal\/?p=15448"},"modified":"2023-04-18T12:50:32","modified_gmt":"2023-04-18T15:50:32","slug":"governo-do-tocantins-intensifica-cronograma-de-acoes-preventivas-para-manter-o-ambiente-de-normalidade-nas-escolas-do-estado","status":"publish","type":"post","link":"https:\/\/dgospel.com.br\/portal\/index.php\/2023\/04\/18\/governo-do-tocantins-intensifica-cronograma-de-acoes-preventivas-para-manter-o-ambiente-de-normalidade-nas-escolas-do-estado\/","title":{"rendered":"Governo do Tocantins intensifica cronograma de a\u00e7\u00f5es preventivas para manter o ambiente de normalidade nas escolas do Estado"},"content":{"rendered":"\n<p>O Governo do Tocantins, por meio do Comit\u00ea de Preven\u00e7\u00e3o \u00e0 Viol\u00eancia e Promo\u00e7\u00e3o da Cultura de Paz no Ambiente Escolar, consolidou, na tarde desta segunda-feira, 17, mais a\u00e7\u00f5es preventivas no intuito de manter a normalidade e evitar qualquer tipo de ataque em unidades escolares do Estado. Esses procedimentos foram definidos, conjuntamente, entre as Secretarias de Estado de Seguran\u00e7a P\u00fablica (SSP) e Educa\u00e7\u00e3o (Seduc), al\u00e9m da Pol\u00edcia Militar do Tocantins (PMTO).<\/p>\n\n\n\n<p>\u201cEsta foi mais uma reuni\u00e3o de alinhamento com o Comit\u00ea institu\u00eddo por determina\u00e7\u00e3o do governador Wanderlei Barbosa. Discutimos a\u00e7\u00f5es que levar\u00e3o seguran\u00e7a para as escolas\u201d, enfatizou o comandante-geral da PMTO, coronel M\u00e1rcio Barbosa. No encontro, ele explicou que, ao que compete a Pol\u00edcia Militar, est\u00e1 sendo realizada a Opera\u00e7\u00e3o<em>&nbsp;Escola Segura<\/em>, aumentando a presen\u00e7a da pol\u00edcia nas escolas. Nos pr\u00f3ximos dias, mais viaturas estar\u00e3o fazendo rondas, garantindo mais seguran\u00e7a para alunos, professores e demais funcion\u00e1rios nas unidades escolares.<\/p>\n\n\n\n<p>A Opera\u00e7\u00e3o&nbsp;<em>Escola Segura<\/em>, executada em todo o Estado, foi lan\u00e7ada na \u00faltima quinta-feira, 13, com a finalidade de promover policiamento de car\u00e1ter preventivo, ostensivo, educativo ou repressivo, evitando crimes dentro e nas proximidades das unidades de educa\u00e7\u00e3o. \u201cEstamos no caminho certo. O Tocantins n\u00e3o registrou nenhum incidente at\u00e9 agora e esperamos que continue assim\u201d, expressou o comandante-geral da PMTO.<\/p>\n\n\n\n<p><strong>SSP e Seduc<\/strong><\/p>\n\n\n\n<p>As Secretarias de Estado de Seguran\u00e7a P\u00fablica (SSP) e Educa\u00e7\u00e3o (Seduc) trabalham na efetiva\u00e7\u00e3o de protocolos a serem adotados pela intelig\u00eancia da Pol\u00edcia Civil e tamb\u00e9m dentro das escolas. O secret\u00e1rio da SSP, Wlademir Costa, disse que muito j\u00e1 foi feito, mas que outros procedimentos nesse sentido ser\u00e3o anunciados em breve, apesar de que no Tocantins nenhuma ocorr\u00eancia de ataque \u00e0s escolas foi registrada. \u201cA ideia \u00e9 massificar a presen\u00e7a do Estado no ambiente escolar, levando a sensa\u00e7\u00e3o de seguran\u00e7a. Para tanto, estamos estabelecendo um cronograma de a\u00e7\u00f5es e orientando as nossas equipes\u201d, disse.<\/p>\n\n\n\n<p>Para o secret\u00e1rio da Educa\u00e7\u00e3o, F\u00e1bio Pereira Vaz, o momento de discuss\u00e3o de hoje foi importante. \u201cPor ordem do nosso governador Wanderlei Barbosa, estamos construindo, de forma integrada, a melhor atua\u00e7\u00e3o poss\u00edvel em busca de solu\u00e7\u00f5es. Na \u00e1rea de intelig\u00eancia, estamos trabalhando com a SSP. Tamb\u00e9m h\u00e1 o desempenho das rondas nas escolas realizadas pela PM. Isso transmite seguran\u00e7a e leva prote\u00e7\u00e3o para esse ambiente escolar que tanto precisamos. As For\u00e7as de Seguran\u00e7a unidas com a educa\u00e7\u00e3o estadual, municipal e privada, proteger\u00e3o todos os alunos do Estado do Tocantins\u201d, pontuou o gestor.<\/p>\n\n\n\n<p><strong>Comit\u00ea Estadual<\/strong><\/p>\n\n\n\n<p>O Comit\u00ea de Preven\u00e7\u00e3o \u00e0 Viol\u00eancia e Promo\u00e7\u00e3o da Cultura de Paz no Ambiente Escolar tem participa\u00e7\u00e3o da SSP, da Seduc e da PMTO. Juntos, est\u00e3o alinhando a\u00e7\u00f5es na preven\u00e7\u00e3o de casos de viol\u00eancia nas escolas tocantinenses. Durante o lan\u00e7amento do Comit\u00ea, o governador Wanderlei Barbosa determinou que os \u00f3rg\u00e3os estaduais empreguem todos os recursos necess\u00e1rios em atividades integradas de preven\u00e7\u00e3o, como refor\u00e7o policial e a amplia\u00e7\u00e3o na contrata\u00e7\u00e3o de psic\u00f3logos para todas as unidades escolares estaduais.<\/p>\n\n\n\n<p><img src=\"https:\/\/central.to.gov.br\/image\/325645?w=670&amp;h=383\"><\/p>\n\n\n\n<p>O secret\u00e1rio da Seduc, F\u00e1bio Vaz, refor\u00e7ou que, por ordem do governador Wanderlei Barbosa, est\u00e1 sendo construindo, de forma integrada, a melhor atua\u00e7\u00e3o poss\u00edvel do Governo do Tocantins nas escolas &#8211; Esequias Ara\u00fajo\/Governo do Tocantins\u00a0<\/p>\n\n\n\n<p><img src=\"https:\/\/central.to.gov.br\/image\/325646?w=670&amp;h=383\"><\/p>\n\n\n\n<p>O comandante-geral da PMTO, coronel M\u00e1rcio Barbosa, garantiu o aumento da presen\u00e7a da pol\u00edcia nas escolas nos pr\u00f3ximos dias &#8211; Esequias Ara\u00fajo\/Governo do Tocantins\u00a0<\/p>\n\n\n\n<p><img src=\"https:\/\/central.to.gov.br\/image\/325647?w=670&amp;h=383\"><\/p>\n\n\n\n<p>O secret\u00e1rio da SSP, Wlademir Costa, disse que muito j\u00e1 foi feito, mas que outros procedimentos para garantir seguran\u00e7a nas escolas ser\u00e3o anunciados em breve &#8211; Esequias Ara\u00fajo\/Governo do Tocantins<\/p>\n","protected":false},"excerpt":{"rendered":"<p>O Governo do Tocantins, por meio do Comit\u00ea de Preven\u00e7\u00e3o \u00e0 Viol\u00eancia e Promo\u00e7\u00e3o da Cultura de Paz no Ambiente Escolar, consolidou, na tarde desta segunda-feira, 17, mais a\u00e7\u00f5es preventivas no intuito de manter a normalidade e evitar qualquer tipo de ataque em unidades escolares do Estado. Esses procedimentos foram definidos, conjuntamente, entre as Secretarias [&hellip;]<\/p>\n","protected":false},"author":2,"featured_media":15449,"comment_status":"open","ping_status":"open","sticky":false,"template":"","format":"standard","meta":[],"categories":[3],"tags":[13],"_links":{"self":[{"href":"https:\/\/dgospel.com.br\/portal\/index.php\/wp-json\/wp\/v2\/posts\/15448"}],"collection":[{"href":"https:\/\/dgospel.com.br\/portal\/index.php\/wp-json\/wp\/v2\/posts"}],"about":[{"href":"https:\/\/dgospel.com.br\/portal\/index.php\/wp-json\/wp\/v2\/types\/post"}],"author":[{"embeddable":true,"href":"https:\/\/dgospel.com.br\/portal\/index.php\/wp-json\/wp\/v2\/users\/2"}],"replies":[{"embeddable":true,"href":"https:\/\/dgospel.com.br\/portal\/index.php\/wp-json\/wp\/v2\/comments?post=15448"}],"version-history":[{"count":1,"href":"https:\/\/dgospel.com.br\/portal\/index.php\/wp-json\/wp\/v2\/posts\/15448\/revisions"}],"predecessor-version":[{"id":15450,"href":"https:\/\/dgospel.com.br\/portal\/index.php\/wp-json\/wp\/v2\/posts\/15448\/revisions\/15450"}],"wp:featuredmedia":[{"embeddable":true,"href":"https:\/\/dgospel.com.br\/portal\/index.php\/wp-json\/wp\/v2\/media\/15449"}],"wp:attachment":[{"href":"https:\/\/dgospel.com.br\/portal\/index.php\/wp-json\/wp\/v2\/media?parent=15448"}],"wp:term":[{"taxonomy":"category","embeddable":true,"href":"https:\/\/dgospel.com.br\/portal\/index.php\/wp-json\/wp\/v2\/categories?post=15448"},{"taxonomy":"post_tag","embeddable":true,"href":"https:\/\/dgospel.com.br\/portal\/index.php\/wp-json\/wp\/v2\/tags?post=15448"}],"curies":[{"name":"wp","href":"https:\/\/api.w.org\/{rel}","templated":true}]}}