{"id":15451,"date":"2023-04-18T12:53:01","date_gmt":"2023-04-18T15:53:01","guid":{"rendered":"http:\/\/dgospel.com.br\/portal\/?p=15451"},"modified":"2023-04-18T12:53:03","modified_gmt":"2023-04-18T15:53:03","slug":"hgp-registra-aumento-nos-atendimentos-as-criancas-e-orienta-sobre-cuidados-preventivos-e-o-fluxo-do-sus","status":"publish","type":"post","link":"https:\/\/dgospel.com.br\/portal\/index.php\/2023\/04\/18\/hgp-registra-aumento-nos-atendimentos-as-criancas-e-orienta-sobre-cuidados-preventivos-e-o-fluxo-do-sus\/","title":{"rendered":"HGP registra aumento nos atendimentos \u00e0s crian\u00e7as e orienta sobre cuidados preventivos e o fluxo do SUS"},"content":{"rendered":"\n<p>Com intuito de evitar a superlota\u00e7\u00e3o da ala pedi\u00e1trica, bem como garantir que as crian\u00e7as tenham uma vida mais saud\u00e1vel, o Hospital Geral de Palmas (HGP) refor\u00e7a as recomenda\u00e7\u00f5es para os respons\u00e1veis legais. A medida leva em considera\u00e7\u00e3o o aumento de atendimentos do referido p\u00fablico, na unidade hospitalar, em mar\u00e7o deste ano, em compara\u00e7\u00e3o com o ano passado. Em mar\u00e7o de 2022 foram recebidas 2.747 pacientes e no mesmo m\u00eas, de 2023, 3.351, um aumento de 21,98%.<\/p>\n\n\n\n<p>Segundo a m\u00e9dica, coordenadora da ala pedi\u00e1trica, Karla Noleto, houve um aumento nos atendimentos pedi\u00e1tricos nessas \u00faltimas semanas, no Tocantins e em v\u00e1rias regi\u00f5es do pa\u00eds. &#8220;N\u00f3s adultos provavelmente j\u00e1 entramos em contato com v\u00edrus ou cepas semelhantes e tamb\u00e9m tivemos a oportunidade de nos vacinarmos, ent\u00e3o provavelmente teremos sintomas mais leves, j\u00e1 as crian\u00e7as pequenas e principalmente os menores de seis meses n\u00e3o possuem as defesas suficientes para lidar com esse arsenal de v\u00edrus que est\u00e3o circulando. \u00c9 uma infec\u00e7\u00e3o que pode ser leve para n\u00f3s, e grave para os pequenos\u201d.<\/p>\n\n\n\n<p>\u201cPrecisamos redobrar nossos cuidados, bem como intensificar a higiene respirat\u00f3ria como lavagem nasal; lavagem de m\u00e3os; uso de m\u00e1scaras e se tiver sintomas gripais, evitar visitar crian\u00e7as pequenas. Ainda \u00e9 preciso estar com o calend\u00e1rio vacinal em dia; evitar locais fechados e aglomerados e algo de suma import\u00e2ncia seria ter o acompanhamento seja no seu&nbsp;pediatra ou na unidade b\u00e1sica de sa\u00fade\u201d.<\/p>\n\n\n\n<p><strong>Atendimento<\/strong><\/p>\n\n\n\n<p>O acompanhamento normal das crian\u00e7as \u00e9 feito por meio das unidades b\u00e1sicas de Sa\u00fade. Em casos de urg\u00eancia, a popula\u00e7\u00e3o deve procurar uma Unidade de Pronto Atendimento (UPA), que, ap\u00f3s avalia\u00e7\u00e3o, encaminha o paciente para a rede hospitalar.A UPA \u00e9 indicada para os casos graves, onde est\u00e3o internados pacientes das mais diversas patologias, como meningite, pneumonia grave e outros. Caso tenha a necessidade de interna\u00e7\u00e3o o paciente \u00e9 encaminhado para um leito adequado conforme sua gravidade.<\/p>\n\n\n\n<p><img src=\"https:\/\/central.to.gov.br\/image\/325704?w=670&amp;h=383\"><\/p>\n\n\n\n<p>Ala pedi\u00e1trica realiza a\u00e7\u00f5es para minimizar rotina de pacientes, como o Projeto Cinema no AP &#8211; Luciana Barros\/Governo do Tocantins\u00a0<\/p>\n\n\n\n<p><img src=\"https:\/\/central.to.gov.br\/image\/325703?w=670&amp;h=383\"><\/p>\n\n\n\n<p>Pacientes recebem atendimento humanizado na unidade hospitar &#8211; Luciana Barros\/Governo do Tocantins<\/p>\n","protected":false},"excerpt":{"rendered":"<p>Com intuito de evitar a superlota\u00e7\u00e3o da ala pedi\u00e1trica, bem como garantir que as crian\u00e7as tenham uma vida mais saud\u00e1vel, o Hospital Geral de Palmas (HGP) refor\u00e7a as recomenda\u00e7\u00f5es para os respons\u00e1veis legais. A medida leva em considera\u00e7\u00e3o o aumento de atendimentos do referido p\u00fablico, na unidade hospitalar, em mar\u00e7o deste ano, em compara\u00e7\u00e3o com [&hellip;]<\/p>\n","protected":false},"author":2,"featured_media":15452,"comment_status":"open","ping_status":"open","sticky":false,"template":"","format":"standard","meta":[],"categories":[3],"tags":[13],"_links":{"self":[{"href":"https:\/\/dgospel.com.br\/portal\/index.php\/wp-json\/wp\/v2\/posts\/15451"}],"collection":[{"href":"https:\/\/dgospel.com.br\/portal\/index.php\/wp-json\/wp\/v2\/posts"}],"about":[{"href":"https:\/\/dgospel.com.br\/portal\/index.php\/wp-json\/wp\/v2\/types\/post"}],"author":[{"embeddable":true,"href":"https:\/\/dgospel.com.br\/portal\/index.php\/wp-json\/wp\/v2\/users\/2"}],"replies":[{"embeddable":true,"href":"https:\/\/dgospel.com.br\/portal\/index.php\/wp-json\/wp\/v2\/comments?post=15451"}],"version-history":[{"count":1,"href":"https:\/\/dgospel.com.br\/portal\/index.php\/wp-json\/wp\/v2\/posts\/15451\/revisions"}],"predecessor-version":[{"id":15453,"href":"https:\/\/dgospel.com.br\/portal\/index.php\/wp-json\/wp\/v2\/posts\/15451\/revisions\/15453"}],"wp:featuredmedia":[{"embeddable":true,"href":"https:\/\/dgospel.com.br\/portal\/index.php\/wp-json\/wp\/v2\/media\/15452"}],"wp:attachment":[{"href":"https:\/\/dgospel.com.br\/portal\/index.php\/wp-json\/wp\/v2\/media?parent=15451"}],"wp:term":[{"taxonomy":"category","embeddable":true,"href":"https:\/\/dgospel.com.br\/portal\/index.php\/wp-json\/wp\/v2\/categories?post=15451"},{"taxonomy":"post_tag","embeddable":true,"href":"https:\/\/dgospel.com.br\/portal\/index.php\/wp-json\/wp\/v2\/tags?post=15451"}],"curies":[{"name":"wp","href":"https:\/\/api.w.org\/{rel}","templated":true}]}}