{"id":15460,"date":"2023-04-18T22:45:06","date_gmt":"2023-04-19T01:45:06","guid":{"rendered":"http:\/\/dgospel.com.br\/portal\/?p=15460"},"modified":"2023-04-18T22:45:08","modified_gmt":"2023-04-19T01:45:08","slug":"tereza-cristina-critica-invasoes-do-mst-cenas-surreais","status":"publish","type":"post","link":"https:\/\/dgospel.com.br\/portal\/index.php\/2023\/04\/18\/tereza-cristina-critica-invasoes-do-mst-cenas-surreais\/","title":{"rendered":"Tereza Cristina critica invas\u00f5es do MST: \u201cCenas surreais\u201d"},"content":{"rendered":"\n<p>Nesta segunda-feira (17), o Movimento dos Trabalhadores Rurais Sem Terra (MST) realizou algumas invas\u00f5es de terras em raz\u00e3o da 26\u00ba Jornada Nacional de Luta pela Terra e pela Reforma Agr\u00e1ria.<\/p>\n\n\n\n<p>A ex-ministra da Agricultura, a senadora Tereza Cristina (Progressistas-MS), usou suas redes sociais para criticar as ocupa\u00e7\u00f5es de terras que o grupo realizou.<\/p>\n\n\n\n<p>\u2013 Cenas surreais de Lula 3: St\u00e9dile viaja pra China na comitiva presidencial e, na volta, o MST invade nove fazendas \u2013 at\u00e9 \u00e1rea de conserva\u00e7\u00e3o da Embrapa. Al\u00e9m de seis sedes do Incra, inclusive no Mato Grosso do Sul \u2013 escreveu.<\/p>\n\n\n\n<p>As a\u00e7\u00f5es do MST acontecem em todo o Brasil e duram at\u00e9 o dia 20 de abril, contando com ocupa\u00e7\u00f5es de terras, marchas, vig\u00edlias, a\u00e7\u00f5es de solidariedade e a realiza\u00e7\u00e3o de acampamentos pedag\u00f3gicos de forma\u00e7\u00e3o, envolvendo as fam\u00edlias assentadas e acampadas nas cinco regi\u00f5es do pa\u00eds.<\/p>\n\n\n\n<p><\/p>\n\n\n\n<figure class=\"wp-block-image size-full\"><img loading=\"lazy\" width=\"580\" height=\"316\" src=\"http:\/\/dgospel.com.br\/portal\/wp-content\/uploads\/2023\/04\/00-11.jpg\" alt=\"\" class=\"wp-image-15461\" srcset=\"https:\/\/dgospel.com.br\/portal\/wp-content\/uploads\/2023\/04\/00-11.jpg 580w, https:\/\/dgospel.com.br\/portal\/wp-content\/uploads\/2023\/04\/00-11-300x163.jpg 300w, https:\/\/dgospel.com.br\/portal\/wp-content\/uploads\/2023\/04\/00-11-250x135.jpg 250w\" sizes=\"(max-width: 580px) 100vw, 580px\" \/><\/figure>\n","protected":false},"excerpt":{"rendered":"<p>Nesta segunda-feira (17), o Movimento dos Trabalhadores Rurais Sem Terra (MST) realizou algumas invas\u00f5es de terras em raz\u00e3o da 26\u00ba Jornada Nacional de Luta pela Terra e pela Reforma Agr\u00e1ria. A ex-ministra da Agricultura, a senadora Tereza Cristina (Progressistas-MS), usou suas redes sociais para criticar as ocupa\u00e7\u00f5es de terras que o grupo realizou. \u2013 Cenas [&hellip;]<\/p>\n","protected":false},"author":2,"featured_media":15463,"comment_status":"open","ping_status":"open","sticky":false,"template":"","format":"standard","meta":[],"categories":[8],"tags":[],"_links":{"self":[{"href":"https:\/\/dgospel.com.br\/portal\/index.php\/wp-json\/wp\/v2\/posts\/15460"}],"collection":[{"href":"https:\/\/dgospel.com.br\/portal\/index.php\/wp-json\/wp\/v2\/posts"}],"about":[{"href":"https:\/\/dgospel.com.br\/portal\/index.php\/wp-json\/wp\/v2\/types\/post"}],"author":[{"embeddable":true,"href":"https:\/\/dgospel.com.br\/portal\/index.php\/wp-json\/wp\/v2\/users\/2"}],"replies":[{"embeddable":true,"href":"https:\/\/dgospel.com.br\/portal\/index.php\/wp-json\/wp\/v2\/comments?post=15460"}],"version-history":[{"count":1,"href":"https:\/\/dgospel.com.br\/portal\/index.php\/wp-json\/wp\/v2\/posts\/15460\/revisions"}],"predecessor-version":[{"id":15464,"href":"https:\/\/dgospel.com.br\/portal\/index.php\/wp-json\/wp\/v2\/posts\/15460\/revisions\/15464"}],"wp:featuredmedia":[{"embeddable":true,"href":"https:\/\/dgospel.com.br\/portal\/index.php\/wp-json\/wp\/v2\/media\/15463"}],"wp:attachment":[{"href":"https:\/\/dgospel.com.br\/portal\/index.php\/wp-json\/wp\/v2\/media?parent=15460"}],"wp:term":[{"taxonomy":"category","embeddable":true,"href":"https:\/\/dgospel.com.br\/portal\/index.php\/wp-json\/wp\/v2\/categories?post=15460"},{"taxonomy":"post_tag","embeddable":true,"href":"https:\/\/dgospel.com.br\/portal\/index.php\/wp-json\/wp\/v2\/tags?post=15460"}],"curies":[{"name":"wp","href":"https:\/\/api.w.org\/{rel}","templated":true}]}}