{"id":15465,"date":"2023-04-18T23:01:46","date_gmt":"2023-04-19T02:01:46","guid":{"rendered":"http:\/\/dgospel.com.br\/portal\/?p=15465"},"modified":"2023-04-18T23:01:47","modified_gmt":"2023-04-19T02:01:47","slug":"gays-lancam-cartilha-com-visao-propria-sobre-a-biblia","status":"publish","type":"post","link":"https:\/\/dgospel.com.br\/portal\/index.php\/2023\/04\/18\/gays-lancam-cartilha-com-visao-propria-sobre-a-biblia\/","title":{"rendered":"Gays lan\u00e7am cartilha com vis\u00e3o pr\u00f3pria sobre a B\u00edblia"},"content":{"rendered":"\n<p>Uma cartilha com a vis\u00e3o de grupos gays sobre a B\u00edblia ser\u00e1 lan\u00e7ada na \u00faltima sexta-feira do m\u00eas (28) pela Associa\u00e7\u00e3o Nacional LGBT+ e pela Rede Gay Latino. A publica\u00e7\u00e3o analisa passagens b\u00edblicas consideradas discriminat\u00f3rias e busca inseri-las em um \u201ccontexto atual\u201d.<\/p>\n\n\n\n<p>Segundo nota da p\u00e1gina oficial do movimento, eles tem como alternativa, para quem o cristianismo ainda faz algum sentido, buscar as pr\u00f3prias formas de ler n\u00e3o apenas esses textos, mas a mensagem b\u00edblica como um todo. Em seguida, \u201cs\u00e3o apresentados alguns exerc\u00edcios poss\u00edveis para libertar a mensagem b\u00edblica e espiar pela fechadura.\u201d<\/p>\n\n\n\n<p>O documento tem 130 p\u00e1ginas e divide-se em \u201carm\u00e1rios\u201d e \u201cchaves\u201d. Cada cap\u00edtulo \u00e9 uma nova abertura, \u201ccriando sa\u00eddas que permitam reconhecer e celebrar as individualidades, as diferen\u00e7as e as singularidades de cada pessoa que se coloca nessa jornada em dire\u00e7\u00e3o a uma viv\u00eancia libert\u00e1ria do cristianismo\u201d.<\/p>\n\n\n\n<p>Em determinado trecho, \u00e9 ensinado sobre o respeito das identidades de g\u00eanero que o manual diz existirem, entre elas, a \u201cn\u00e3o binaridade\u201d, \u201ccisgeneridade\u201d e \u201ctransexual\u201d. O manual tamb\u00e9m afirma que supostos preconceitos contra pessoas LGBT+ se condensaram na chamada \u201cideologia de g\u00eanero\u201d.<\/p>\n\n\n\n<p>\u201cForjada inicialmente por grupos cat\u00f3licos romanos, nos anos 1990, essa express\u00e3o foi adotada e disseminada por segmentos de outras denomina\u00e7\u00f5es crist\u00e3s e por grupos e pessoas que usam uma linguagem crist\u00e3\u201d, observa o texto.<\/p>\n\n\n\n<p><em>Com informa\u00e7\u00f5es: Revista Oeste (18.04.23)<\/em><\/p>\n","protected":false},"excerpt":{"rendered":"<p>Uma cartilha com a vis\u00e3o de grupos gays sobre a B\u00edblia ser\u00e1 lan\u00e7ada na \u00faltima sexta-feira do m\u00eas (28) pela Associa\u00e7\u00e3o Nacional LGBT+ e pela Rede Gay Latino. A publica\u00e7\u00e3o analisa passagens b\u00edblicas consideradas discriminat\u00f3rias e busca inseri-las em um \u201ccontexto atual\u201d. Segundo nota da p\u00e1gina oficial do movimento, eles tem como alternativa, para quem [&hellip;]<\/p>\n","protected":false},"author":2,"featured_media":15466,"comment_status":"open","ping_status":"open","sticky":false,"template":"","format":"standard","meta":[],"categories":[10],"tags":[],"_links":{"self":[{"href":"https:\/\/dgospel.com.br\/portal\/index.php\/wp-json\/wp\/v2\/posts\/15465"}],"collection":[{"href":"https:\/\/dgospel.com.br\/portal\/index.php\/wp-json\/wp\/v2\/posts"}],"about":[{"href":"https:\/\/dgospel.com.br\/portal\/index.php\/wp-json\/wp\/v2\/types\/post"}],"author":[{"embeddable":true,"href":"https:\/\/dgospel.com.br\/portal\/index.php\/wp-json\/wp\/v2\/users\/2"}],"replies":[{"embeddable":true,"href":"https:\/\/dgospel.com.br\/portal\/index.php\/wp-json\/wp\/v2\/comments?post=15465"}],"version-history":[{"count":1,"href":"https:\/\/dgospel.com.br\/portal\/index.php\/wp-json\/wp\/v2\/posts\/15465\/revisions"}],"predecessor-version":[{"id":15467,"href":"https:\/\/dgospel.com.br\/portal\/index.php\/wp-json\/wp\/v2\/posts\/15465\/revisions\/15467"}],"wp:featuredmedia":[{"embeddable":true,"href":"https:\/\/dgospel.com.br\/portal\/index.php\/wp-json\/wp\/v2\/media\/15466"}],"wp:attachment":[{"href":"https:\/\/dgospel.com.br\/portal\/index.php\/wp-json\/wp\/v2\/media?parent=15465"}],"wp:term":[{"taxonomy":"category","embeddable":true,"href":"https:\/\/dgospel.com.br\/portal\/index.php\/wp-json\/wp\/v2\/categories?post=15465"},{"taxonomy":"post_tag","embeddable":true,"href":"https:\/\/dgospel.com.br\/portal\/index.php\/wp-json\/wp\/v2\/tags?post=15465"}],"curies":[{"name":"wp","href":"https:\/\/api.w.org\/{rel}","templated":true}]}}