{"id":15468,"date":"2023-04-18T23:04:20","date_gmt":"2023-04-19T02:04:20","guid":{"rendered":"http:\/\/dgospel.com.br\/portal\/?p=15468"},"modified":"2023-04-18T23:04:22","modified_gmt":"2023-04-19T02:04:22","slug":"pastor-e-cantor-valdomiro-silva-parte-para-a-gloria","status":"publish","type":"post","link":"https:\/\/dgospel.com.br\/portal\/index.php\/2023\/04\/18\/pastor-e-cantor-valdomiro-silva-parte-para-a-gloria\/","title":{"rendered":"Pastor e cantor Valdomiro Silva parte para a Gl\u00f3ria"},"content":{"rendered":"\n<p>O pastor e cantor Valdomiro Silva faleceu na \u00faltima segunda-feira, 17 de abril, aos 92 anos de idade. Ele era considerado uma das refer\u00eancias da m\u00fasica crist\u00e3 no meio assembleiano do Rio de Janeiro.<\/p>\n\n\n\n<p>O veterano artista pentecostal sofreu uma&nbsp;<a href=\"https:\/\/noticias.gospelmais.com.br\/ser-religioso-faz-bem-pro-coracao-apontam-estudos.html\"><strong>crise de hipertens\u00e3o<\/strong><\/a>&nbsp;na \u00faltima quinta-feira, 13 de abril, e foi atendido e medicado. Mas ap\u00f3s a recupera\u00e7\u00e3o inicial, faleceu no in\u00edcio da manh\u00e3 da \u00faltima segunda, \u00e0s 05h13 em Duque de Caxias (RJ).<\/p>\n\n\n\n<p>De acordo com informa\u00e7\u00f5es do portal&nbsp;<a target=\"_blank\" href=\"https:\/\/www.cpadnews.com.br\/pastor-e-cantor-valdomiro-silva-parte-para-a-gloria\/\" rel=\"noreferrer noopener\"><em>CPAD News<\/em><\/a>, Valdomiro Silva era um \u201cpioneiro da m\u00fasica sacra e um dos cantores evang\u00e9licos mais antigos em vida no Brasil\u201d, e parte de sua popularidade entre os assembleianos se deu pela interpreta\u00e7\u00e3o das m\u00fasicas&nbsp;<em>Canta, Canta Passarinho<\/em>&nbsp;e&nbsp;<em>Fonte de \u00c1gua Viva Jorrando<\/em>.<\/p>\n\n\n\n<p>Nascido em Pedrinhas (SE) em 8 de agosto de 1930, atualmente era membro da Igreja Assembleia de Deus em Duque de Caxias, liderada pelo pastor Francisco Lib\u00f3rio. Em sua carreira, gravou 38 \u00e1lbuns, alguns deles em duetos com os filhos.<\/p>\n\n\n\n<p>Ao longo de d\u00e9cadas, viajou pelo Brasil e pelo mundo, visitando 14 pa\u00edses onde anunciou a mensagem do Evangelho. Em seu casamento com Maria do Carmo Marcelo da Silva (in memoriam), teve 14 filhos, que renderam ao casal 17 netos e 10 bisnetos.<\/p>\n\n\n\n<p>O vel\u00f3rio do pastor e cantor Valdomiro Silva acontece nesta ter\u00e7a-feira, 18 de abril, com o culto f\u00fanebre marcado para 13h30 e o sepultamento para 14h30 no Cemit\u00e9rio de N. Senhora do Bel\u00e9m, em Duque de Caxias.<\/p>\n","protected":false},"excerpt":{"rendered":"<p>O pastor e cantor Valdomiro Silva faleceu na \u00faltima segunda-feira, 17 de abril, aos 92 anos de idade. Ele era considerado uma das refer\u00eancias da m\u00fasica crist\u00e3 no meio assembleiano do Rio de Janeiro. O veterano artista pentecostal sofreu uma&nbsp;crise de hipertens\u00e3o&nbsp;na \u00faltima quinta-feira, 13 de abril, e foi atendido e medicado. Mas ap\u00f3s a [&hellip;]<\/p>\n","protected":false},"author":2,"featured_media":15469,"comment_status":"open","ping_status":"open","sticky":false,"template":"","format":"standard","meta":[],"categories":[5],"tags":[],"_links":{"self":[{"href":"https:\/\/dgospel.com.br\/portal\/index.php\/wp-json\/wp\/v2\/posts\/15468"}],"collection":[{"href":"https:\/\/dgospel.com.br\/portal\/index.php\/wp-json\/wp\/v2\/posts"}],"about":[{"href":"https:\/\/dgospel.com.br\/portal\/index.php\/wp-json\/wp\/v2\/types\/post"}],"author":[{"embeddable":true,"href":"https:\/\/dgospel.com.br\/portal\/index.php\/wp-json\/wp\/v2\/users\/2"}],"replies":[{"embeddable":true,"href":"https:\/\/dgospel.com.br\/portal\/index.php\/wp-json\/wp\/v2\/comments?post=15468"}],"version-history":[{"count":1,"href":"https:\/\/dgospel.com.br\/portal\/index.php\/wp-json\/wp\/v2\/posts\/15468\/revisions"}],"predecessor-version":[{"id":15470,"href":"https:\/\/dgospel.com.br\/portal\/index.php\/wp-json\/wp\/v2\/posts\/15468\/revisions\/15470"}],"wp:featuredmedia":[{"embeddable":true,"href":"https:\/\/dgospel.com.br\/portal\/index.php\/wp-json\/wp\/v2\/media\/15469"}],"wp:attachment":[{"href":"https:\/\/dgospel.com.br\/portal\/index.php\/wp-json\/wp\/v2\/media?parent=15468"}],"wp:term":[{"taxonomy":"category","embeddable":true,"href":"https:\/\/dgospel.com.br\/portal\/index.php\/wp-json\/wp\/v2\/categories?post=15468"},{"taxonomy":"post_tag","embeddable":true,"href":"https:\/\/dgospel.com.br\/portal\/index.php\/wp-json\/wp\/v2\/tags?post=15468"}],"curies":[{"name":"wp","href":"https:\/\/api.w.org\/{rel}","templated":true}]}}