{"id":15474,"date":"2023-04-18T23:20:14","date_gmt":"2023-04-19T02:20:14","guid":{"rendered":"http:\/\/dgospel.com.br\/portal\/?p=15474"},"modified":"2023-04-18T23:20:15","modified_gmt":"2023-04-19T02:20:15","slug":"ao-lado-de-lula-pacheco-defende-a-regularizacao-das-redes","status":"publish","type":"post","link":"https:\/\/dgospel.com.br\/portal\/index.php\/2023\/04\/18\/ao-lado-de-lula-pacheco-defende-a-regularizacao-das-redes\/","title":{"rendered":"Ao lado de Lula, Pacheco defende a regulariza\u00e7\u00e3o das redes"},"content":{"rendered":"\n<p>Nesta ter\u00e7a-feira (18), o presidente do Senado, Rodrigo Pacheco, defendeu a regula\u00e7\u00e3o das redes sociais durante um evento realizado no Pal\u00e1cio do Planalto, ao lado do presidente Lula.<\/p>\n\n\n\n<p>De acordo com Pacheco, regulamentar as redes sociais \u00e9 importante para combater a viol\u00eancia nas escolas. Para ele, os ataques recentes est\u00e3o ligados a problemas de sa\u00fade mental agravados com o uso indiscriminado da internet.<\/p>\n\n\n\n<p>A solu\u00e7\u00e3o proposta pelo presidente do Congresso envolve enfrentar a viol\u00eancia atrav\u00e9s de pol\u00edticas p\u00fablicas integradas pelos munic\u00edpios, governos e tamb\u00e9m pela Uni\u00e3o.<\/p>\n\n\n\n<p>Pacheco declarou ainda que o Senado j\u00e1 iniciou o processo quando, em 2020, aprovou o PL 2.630\/2020 sobre a desinforma\u00e7\u00e3o e o compartilhamento de not\u00edcias falsas. Agora caber\u00e1 \u00e0 C\u00e2mara decidir sobre o assunto.<\/p>\n\n\n\n<p>\u2013 Se n\u00e3o \u00e9 um conte\u00fado ideal e que, evidentemente pode ser aprimorado, sobretudo pela evolu\u00e7\u00e3o das redes sociais, inclusive na forma de se comunicar e no alcance que \u00e9 capaz de empreender para a atividades criminosas, caber\u00e1 agora \u00e0 C\u00e2mara dos Deputados, e eu tenho a plena confian\u00e7a no trabalho da C\u00e2mara desse aprimoramento (\u2026), como instrumento aptos a esse enfrentamento.<\/p>\n\n\n\n<p>Pacheco tamb\u00e9m falou sobre a quest\u00e3o das armas e disse que \u00e9 preciso que \u201ca pol\u00edtica de armas deve vir acompanhada de uma pol\u00edtica educacional sobre o que arma significa e qual a sua finalidade, sobretudo na m\u00e3o de for\u00e7as de seguran\u00e7a para manter a ordem na cidade e nos estados brasileiros\u201d.<\/p>\n","protected":false},"excerpt":{"rendered":"<p>Nesta ter\u00e7a-feira (18), o presidente do Senado, Rodrigo Pacheco, defendeu a regula\u00e7\u00e3o das redes sociais durante um evento realizado no Pal\u00e1cio do Planalto, ao lado do presidente Lula. De acordo com Pacheco, regulamentar as redes sociais \u00e9 importante para combater a viol\u00eancia nas escolas. Para ele, os ataques recentes est\u00e3o ligados a problemas de sa\u00fade [&hellip;]<\/p>\n","protected":false},"author":2,"featured_media":15475,"comment_status":"open","ping_status":"open","sticky":false,"template":"","format":"standard","meta":[],"categories":[6],"tags":[],"_links":{"self":[{"href":"https:\/\/dgospel.com.br\/portal\/index.php\/wp-json\/wp\/v2\/posts\/15474"}],"collection":[{"href":"https:\/\/dgospel.com.br\/portal\/index.php\/wp-json\/wp\/v2\/posts"}],"about":[{"href":"https:\/\/dgospel.com.br\/portal\/index.php\/wp-json\/wp\/v2\/types\/post"}],"author":[{"embeddable":true,"href":"https:\/\/dgospel.com.br\/portal\/index.php\/wp-json\/wp\/v2\/users\/2"}],"replies":[{"embeddable":true,"href":"https:\/\/dgospel.com.br\/portal\/index.php\/wp-json\/wp\/v2\/comments?post=15474"}],"version-history":[{"count":1,"href":"https:\/\/dgospel.com.br\/portal\/index.php\/wp-json\/wp\/v2\/posts\/15474\/revisions"}],"predecessor-version":[{"id":15476,"href":"https:\/\/dgospel.com.br\/portal\/index.php\/wp-json\/wp\/v2\/posts\/15474\/revisions\/15476"}],"wp:featuredmedia":[{"embeddable":true,"href":"https:\/\/dgospel.com.br\/portal\/index.php\/wp-json\/wp\/v2\/media\/15475"}],"wp:attachment":[{"href":"https:\/\/dgospel.com.br\/portal\/index.php\/wp-json\/wp\/v2\/media?parent=15474"}],"wp:term":[{"taxonomy":"category","embeddable":true,"href":"https:\/\/dgospel.com.br\/portal\/index.php\/wp-json\/wp\/v2\/categories?post=15474"},{"taxonomy":"post_tag","embeddable":true,"href":"https:\/\/dgospel.com.br\/portal\/index.php\/wp-json\/wp\/v2\/tags?post=15474"}],"curies":[{"name":"wp","href":"https:\/\/api.w.org\/{rel}","templated":true}]}}