{"id":15477,"date":"2023-04-19T09:05:43","date_gmt":"2023-04-19T12:05:43","guid":{"rendered":"http:\/\/dgospel.com.br\/portal\/?p=15477"},"modified":"2023-04-19T09:05:45","modified_gmt":"2023-04-19T12:05:45","slug":"wanderlei-barbosa-recebe-titulo-de-doutor-honoris-causa-por-servicos-prestados-em-prol-da-educacao-e-desenvolvimento-da-ciencia-no-tocantins","status":"publish","type":"post","link":"https:\/\/dgospel.com.br\/portal\/index.php\/2023\/04\/19\/wanderlei-barbosa-recebe-titulo-de-doutor-honoris-causa-por-servicos-prestados-em-prol-da-educacao-e-desenvolvimento-da-ciencia-no-tocantins\/","title":{"rendered":"Wanderlei Barbosa recebe t\u00edtulo de Doutor Honoris Causa por servi\u00e7os prestados em prol da educa\u00e7\u00e3o e desenvolvimento da ci\u00eancia no Tocantins"},"content":{"rendered":"\n<p>O governador Wanderlei Barbosa recebeu nesta ter\u00e7a-feira, 18, o t\u00edtulo de&nbsp;<em>Doutor Honoris Causa<\/em>&nbsp;concedido pelo Centro Universit\u00e1rio Unitop. A certifica\u00e7\u00e3o \u00e9 a mais alta honraria dispensada por institui\u00e7\u00f5es de ensino superior a personalidades p\u00fablicas por relevantes servi\u00e7os prestados \u00e0 sociedade. Wanderlei Barbosa recebeu o t\u00edtulo das m\u00e3os de seu pai, o primeiro prefeito de Palmas, Fenelon Barbosa, em cerim\u00f4nia conduzida pelo secret\u00e1rio de Estado da Fazenda (Sefaz),&nbsp;J\u00falio&nbsp;Edstron.<\/p>\n\n\n\n<p>No discurso de agradecimento, o Governador se disse honrado pelo reconhecimento. &#8220;Ao longo da minha trajet\u00f3ria pol\u00edtica atuei em diversas frentes que me proporcionaram, na pr\u00e1tica, a experi\u00eancia e conhecimento para falar de igual para igual com mestres e doutores, como \u00e9 o caso do meu secretariado. Quero continuar melhorando a educa\u00e7\u00e3o no Tocantins, assim como a sa\u00fade, e todos os setores imprescind\u00edveis aos cidad\u00e3os tocantinenses. Me honra, sobremaneira, receber t\u00e3o grandiosa honraria&#8221;, agradeceu.<\/p>\n\n\n\n<p>A indica\u00e7\u00e3o de Wanderlei Barbosa foi aprovada pelo Conselho Superior da Universidade em reuni\u00e3o realizada no in\u00edcio deste ano.<\/p>\n\n\n\n<p>O reitor do Unitop, Muniz Ara\u00fajo Pereira, ressaltou que o Governador foi reconhecido por sua relevante atua\u00e7\u00e3o em prol da educa\u00e7\u00e3o, ci\u00eancia e tecnologia no Tocantins. &#8220;O senhor trilhou todas as etapas para conhecer as necessidades do povo tocantinense, desde vereador \u00e0 sua progress\u00e3o natural como deputado. Desde que assumiu o Governo, temos visto o seu empenho em prol da educa\u00e7\u00e3o, dos povos ind\u00edgenas e tradicionais do Estado, a valoriza\u00e7\u00e3o dos servidores. E \u00e9 por isso que o senhor recebe esse t\u00edtulo, por ser um grande estadista&#8221;, destacou.<\/p>\n\n\n\n<p>Com mais de 30 anos de vida p\u00fablica, Wanderlei Barbosa iniciou a carreira na pol\u00edtica em 1989, quando foi eleito vereador pelo munic\u00edpio de Porto Nacional; em 1996, foi eleito vereador na capital, sendo reeleito mais tr\u00eas vezes. Foi presidente da C\u00e2mara Municipal de Vereadores de Palmas por duas vezes, nos bi\u00eanios 2003\/2004 e 2009\/2010. Ainda em 2010 saiu vencedor nas urnas como deputado estadual, sendo reeleito em 2014. No ano de 2018 Wanderlei Barbosa se tornou vice-governador do Estado e, finalmente, em 2022, foi eleito governador com mais de 481 mil votos.&nbsp;<\/p>\n\n\n\n<p>Aos 83 anos, Fenelon Barbosa fez quest\u00e3o de acompanhar toda a cerim\u00f4nia e se declarou orgulhoso pelo filho. &#8220;Me sinto muito honrado e feliz por ele. \u00c9 uma alegria e orgulho muito grande para mim, uma ben\u00e7\u00e3o de Deus&#8221;, disse.<\/p>\n\n\n\n<p>Diferentemente de um t\u00edtulo acad\u00eamico, a certifica\u00e7\u00e3o de&nbsp;<em>Doutor Honoris Causa<\/em>&nbsp;\u00e9 concedida a personalidades eminentes, nacionais ou estrangeiras, que tenham se destacado singularmente por sua contribui\u00e7\u00e3o \u00e0 cultura, \u00e0 educa\u00e7\u00e3o ou \u00e0 humanidade.<\/p>\n\n\n\n<p>O t\u00edtulo tamb\u00e9m foi concedido ao ex-governador do Tocantins, e atual deputado federal, Carlos Gaguim. O Conselho Superior do Unitop tamb\u00e9m aprovou o nome do ex-governador Siqueira Campos, que receber\u00e1 a honraria em data ainda&nbsp;a&nbsp;ser&nbsp;definida.<\/p>\n\n\n\n<p><img src=\"https:\/\/central.to.gov.br\/image\/325862?w=670&amp;h=383\"><\/p>\n\n\n\n<p>A indica\u00e7\u00e3o do governador Wanderlei Barbosa foi aprovada pelo Conselho Superior da Universidade em reuni\u00e3o realizada no in\u00edcio deste ano &#8211; Esequias Ara\u00fajo\/Governo do Tocantins.<\/p>\n","protected":false},"excerpt":{"rendered":"<p>O governador Wanderlei Barbosa recebeu nesta ter\u00e7a-feira, 18, o t\u00edtulo de&nbsp;Doutor Honoris Causa&nbsp;concedido pelo Centro Universit\u00e1rio Unitop. A certifica\u00e7\u00e3o \u00e9 a mais alta honraria dispensada por institui\u00e7\u00f5es de ensino superior a personalidades p\u00fablicas por relevantes servi\u00e7os prestados \u00e0 sociedade. Wanderlei Barbosa recebeu o t\u00edtulo das m\u00e3os de seu pai, o primeiro prefeito de Palmas, Fenelon [&hellip;]<\/p>\n","protected":false},"author":2,"featured_media":15478,"comment_status":"open","ping_status":"open","sticky":false,"template":"","format":"standard","meta":[],"categories":[3],"tags":[13],"_links":{"self":[{"href":"https:\/\/dgospel.com.br\/portal\/index.php\/wp-json\/wp\/v2\/posts\/15477"}],"collection":[{"href":"https:\/\/dgospel.com.br\/portal\/index.php\/wp-json\/wp\/v2\/posts"}],"about":[{"href":"https:\/\/dgospel.com.br\/portal\/index.php\/wp-json\/wp\/v2\/types\/post"}],"author":[{"embeddable":true,"href":"https:\/\/dgospel.com.br\/portal\/index.php\/wp-json\/wp\/v2\/users\/2"}],"replies":[{"embeddable":true,"href":"https:\/\/dgospel.com.br\/portal\/index.php\/wp-json\/wp\/v2\/comments?post=15477"}],"version-history":[{"count":1,"href":"https:\/\/dgospel.com.br\/portal\/index.php\/wp-json\/wp\/v2\/posts\/15477\/revisions"}],"predecessor-version":[{"id":15479,"href":"https:\/\/dgospel.com.br\/portal\/index.php\/wp-json\/wp\/v2\/posts\/15477\/revisions\/15479"}],"wp:featuredmedia":[{"embeddable":true,"href":"https:\/\/dgospel.com.br\/portal\/index.php\/wp-json\/wp\/v2\/media\/15478"}],"wp:attachment":[{"href":"https:\/\/dgospel.com.br\/portal\/index.php\/wp-json\/wp\/v2\/media?parent=15477"}],"wp:term":[{"taxonomy":"category","embeddable":true,"href":"https:\/\/dgospel.com.br\/portal\/index.php\/wp-json\/wp\/v2\/categories?post=15477"},{"taxonomy":"post_tag","embeddable":true,"href":"https:\/\/dgospel.com.br\/portal\/index.php\/wp-json\/wp\/v2\/tags?post=15477"}],"curies":[{"name":"wp","href":"https:\/\/api.w.org\/{rel}","templated":true}]}}