{"id":15483,"date":"2023-04-20T23:51:59","date_gmt":"2023-04-21T02:51:59","guid":{"rendered":"http:\/\/dgospel.com.br\/portal\/?p=15483"},"modified":"2023-04-20T23:52:01","modified_gmt":"2023-04-21T02:52:01","slug":"assembleia-legislativa-realiza-sessao-solene-em-homenagem-aos-75-anos-da-ciadseta","status":"publish","type":"post","link":"https:\/\/dgospel.com.br\/portal\/index.php\/2023\/04\/20\/assembleia-legislativa-realiza-sessao-solene-em-homenagem-aos-75-anos-da-ciadseta\/","title":{"rendered":"Assembleia Legislativa realiza sess\u00e3o solene em homenagem aos 75 anos da CIADSETA"},"content":{"rendered":"\n<p>A Assembleia Legislativa realizou na manh\u00e3 desta quinta-feira, 20, no Plen\u00e1rio da Casa, sess\u00e3o solene em homenagem aos 75 anos de funda\u00e7\u00e3o do Servi\u00e7o de Evangeliza\u00e7\u00e3o dos Rios Araguaia e Tocantins (Seta), hoje Conven\u00e7\u00e3o Interestadual das Assembleias de Deus do Seta (Ciadseta\/TO). O requerimento \u00e9 de autoria do deputado Aldair Costa Gip\u00e3o (PL).<\/p>\n\n\n\n<p>Na ocasi\u00e3o foi entregue o T\u00edtulo de Cidad\u00e3o Tocantinense ao presidente da entidade, Pastor Paulo Martins Neto, requerido pelo ex-deputado estadual, hoje federal, Ricardo Ayres.<\/p>\n\n\n\n<p>Compareceram \u00e0 solenidade pastores, mission\u00e1rias, mission\u00e1rios e fi\u00e9is de todas as regi\u00f5es do Estado. O evento foi marcado pela emo\u00e7\u00e3o, especialmente pela lembran\u00e7a dos tempos dif\u00edceis enfrentados pelos fundadores do Servi\u00e7o de Evangeliza\u00e7\u00e3o dos Rios Araguaia e Tocantins (Setas) e do trabalho realizado pelos sucessores, que transformaram a pequena semente no grande campo devocional que \u00e9 hoje, reconhecido no Tocantins e fora do Estado.<\/p>\n\n\n\n<p><strong>Pronunciamentos<\/strong><\/p>\n\n\n\n<p>Ao agradecer pelo t\u00edtulo de Cidad\u00e3o Tocantinense, o presidente da Ciadseta, pastor Paulo Martins Neto, dividiu a homenagem com todos os dirigentes e fi\u00e9is da denomina\u00e7\u00e3o, reconhecendo o trabalho realizado pelos pioneiros e os que engrandeceram da conven\u00e7\u00e3o, hoje presente em todos os munic\u00edpios tocantinenses.<\/p>\n\n\n\n<p>O presidente da sess\u00e3o solene, deputado Aldair Costa Gip\u00e3o, agradeceu o apoio recebido dos dirigentes e fi\u00e9is, que acreditaram em seu projeto e o ajudaram a ocupar uma das 24 cadeiras da Assembleia Legislativa do Tocantins, comprometendo-se a buscar recursos para apoiar o trabalho social da conven\u00e7\u00e3o em todos os campos da evangeliza\u00e7\u00e3o.<\/p>\n\n\n\n<p><strong>Mesa de honra<\/strong><\/p>\n\n\n\n<p>A mesa de honra foi composta pelo presidente, deputado Aldair Costa Gip\u00e3o; 2\u00aa secret\u00e1ria, deputada professora Janadi Valcari (PL); 3\u00ba secret\u00e1rio, deputado Marcus Marcelo (PL); presidente da Ciadseta\/TO, pastor Paulo Martins Neto, e vice-presidente da Ciadseta\/TO, pastor Ant\u00f4nio Xavier.<\/p>\n\n\n\n<p>Prestigiaram o evento os deputados J\u00fanior Geo (PSC), Winston (PSD) e Moisemar Marinho (PSB).<\/p>\n\n\n\n<p><strong>Hist\u00f3ria<\/strong><\/p>\n\n\n\n<p>Em sua justificativa, o deputado Gip\u00e3o explica que a Conven\u00e7\u00e3o do Seta teve in\u00edcio com a primeira Igreja em Carolina do Maranh\u00e3o e Regi\u00e3o. Desvinculada da igreja m\u00e3e, se tornou a maior conven\u00e7\u00e3o em espa\u00e7o geogr\u00e1fico do Brasil.<\/p>\n\n\n\n<p>A conven\u00e7\u00e3o Regional das Assembleias de Deus do Seta passou a chamar-se estatutariamente como Ciadseta, uma sociedade civil de natureza filantr\u00f3pica, sem fins lucrativos, que foi devidamente reconhecida pela Conven\u00e7\u00e3o Geral das Assembleias de Deus no Brasil CGADB.<\/p>\n\n\n\n<p>Da Conven\u00e7\u00e3o Ciadseta nasceram mais tr\u00eas Conven\u00e7\u00f5es: Comadesma &#8211; Maranh\u00e3o, Ciadseta PA &#8211; MT &#8211; Par\u00e1 e Mato Grosso e Cimadseta &#8211; Goi\u00e1s e Bras\u00edlia e ficando a Ciadseta m\u00e3e no Estado do Tocantins.<\/p>\n\n\n\n<p>Com a sua sede Institucional em Palmas a Ciadseta no Tocantins (M\u00e3e), conta com mais de 1. 200 ministros na ativa entre pastores e evangelistas, mais de 200 Campos e 70 mil membros e congregados.&nbsp;<\/p>\n\n\n\n<p>Atualmente presidida pelo Sr. Paulo Martins Neto, completa 75 Anos de funda\u00e7\u00e3o neste m\u00eas de abril.<\/p>\n","protected":false},"excerpt":{"rendered":"<p>A Assembleia Legislativa realizou na manh\u00e3 desta quinta-feira, 20, no Plen\u00e1rio da Casa, sess\u00e3o solene em homenagem aos 75 anos de funda\u00e7\u00e3o do Servi\u00e7o de Evangeliza\u00e7\u00e3o dos Rios Araguaia e Tocantins (Seta), hoje Conven\u00e7\u00e3o Interestadual das Assembleias de Deus do Seta (Ciadseta\/TO). O requerimento \u00e9 de autoria do deputado Aldair Costa Gip\u00e3o (PL). Na ocasi\u00e3o [&hellip;]<\/p>\n","protected":false},"author":2,"featured_media":15484,"comment_status":"open","ping_status":"open","sticky":false,"template":"","format":"standard","meta":[],"categories":[5],"tags":[13],"_links":{"self":[{"href":"https:\/\/dgospel.com.br\/portal\/index.php\/wp-json\/wp\/v2\/posts\/15483"}],"collection":[{"href":"https:\/\/dgospel.com.br\/portal\/index.php\/wp-json\/wp\/v2\/posts"}],"about":[{"href":"https:\/\/dgospel.com.br\/portal\/index.php\/wp-json\/wp\/v2\/types\/post"}],"author":[{"embeddable":true,"href":"https:\/\/dgospel.com.br\/portal\/index.php\/wp-json\/wp\/v2\/users\/2"}],"replies":[{"embeddable":true,"href":"https:\/\/dgospel.com.br\/portal\/index.php\/wp-json\/wp\/v2\/comments?post=15483"}],"version-history":[{"count":1,"href":"https:\/\/dgospel.com.br\/portal\/index.php\/wp-json\/wp\/v2\/posts\/15483\/revisions"}],"predecessor-version":[{"id":15485,"href":"https:\/\/dgospel.com.br\/portal\/index.php\/wp-json\/wp\/v2\/posts\/15483\/revisions\/15485"}],"wp:featuredmedia":[{"embeddable":true,"href":"https:\/\/dgospel.com.br\/portal\/index.php\/wp-json\/wp\/v2\/media\/15484"}],"wp:attachment":[{"href":"https:\/\/dgospel.com.br\/portal\/index.php\/wp-json\/wp\/v2\/media?parent=15483"}],"wp:term":[{"taxonomy":"category","embeddable":true,"href":"https:\/\/dgospel.com.br\/portal\/index.php\/wp-json\/wp\/v2\/categories?post=15483"},{"taxonomy":"post_tag","embeddable":true,"href":"https:\/\/dgospel.com.br\/portal\/index.php\/wp-json\/wp\/v2\/tags?post=15483"}],"curies":[{"name":"wp","href":"https:\/\/api.w.org\/{rel}","templated":true}]}}