{"id":15492,"date":"2023-04-25T09:08:53","date_gmt":"2023-04-25T12:08:53","guid":{"rendered":"http:\/\/dgospel.com.br\/portal\/?p=15492"},"modified":"2023-04-25T09:08:55","modified_gmt":"2023-04-25T12:08:55","slug":"curso-de-gerenciamento-de-residuos-hospitalares-e-promovido-no-hospital-e-maternidade-dona-regina","status":"publish","type":"post","link":"https:\/\/dgospel.com.br\/portal\/index.php\/2023\/04\/25\/curso-de-gerenciamento-de-residuos-hospitalares-e-promovido-no-hospital-e-maternidade-dona-regina\/","title":{"rendered":"Curso de gerenciamento de res\u00edduos hospitalares \u00e9 promovido no Hospital e Maternidade Dona Regina"},"content":{"rendered":"\n<p>O Hospital e Maternidade Dona Regina Siqueira Campos (HMDR) iniciou nesta segunda-feira, 24, o curso de Gerenciamento de Res\u00edduos Hospitalares direcionada a coordenadores e demais gestores da Unidade Hospitalar, que ser\u00e3o multiplicadores do conhecimento adquirido no curso para suas equipes de trabalho. A Capacita\u00e7\u00e3o ser\u00e1 realizada at\u00e9 a sexta-feira, 28.<\/p>\n\n\n\n<p>A respons\u00e1vel pelo N\u00facleo de Educa\u00e7\u00e3o Permanente do HMDR, Francielli Ouverney, afirmou que \u201ca capacita\u00e7\u00e3o busca viabilizar a implanta\u00e7\u00e3o do plano de gerenciamento de res\u00edduos do HMDR, que \u00e9 uma exig\u00eancia, para todas as unidades de sa\u00fade\u201d.<\/p>\n\n\n\n<p>Segundo a servidora, houve uma sele\u00e7\u00e3o de docentes para ministrar a capacita\u00e7\u00e3o. \u201cTivemos a sele\u00e7\u00e3o de dois facilitadores que j\u00e1 t\u00eam forma\u00e7\u00e3o e trabalham nessa \u00e1rea, o Marildo de Souza e a Lissandra Camilo, que atuam no gerenciamento de res\u00edduos do Hemocentro Coordenador de Palmas\u201d.<\/p>\n\n\n\n<p>O diretor-geral do HMDR, Iatagan Barbosa, conta que esse curso era muito aguardado por todos os servidores. \u201cVemos essa qualifica\u00e7\u00e3o como uma ferramenta para organiza\u00e7\u00e3o do nosso processo de trabalho interno, al\u00e9m de desmistificar que esse assunto \u00e9 espec\u00edfico da higieniza\u00e7\u00e3o\u201d.<\/p>\n\n\n\n<p>Para a coordenadora do N\u00facleo Interno de Regula\u00e7\u00e3o (NIR) do HMDR, Mara Hellma Pereira, o treinamento ir\u00e1 auxiliar nas atividades di\u00e1rias. \u201cCreio que esse curso vai trazer conhecimento e capacita\u00e7\u00e3o no gerenciamento de res\u00edduos, gerando uma integra\u00e7\u00e3o do hospital com todos e a responsabilidade geral e individual de cada um\u201d.<\/p>\n\n\n\n<p>Revis\u00e3o Textual: Marynne Juliate<\/p>\n\n\n\n<p><img src=\"https:\/\/central.to.gov.br\/image\/326483?w=670&amp;h=383\"><\/p>\n\n\n\n<p>Curso \u00e9 direcionado a coordenadores e demais gestores da Unidade Hospitalar &#8211; Erlene Miranda\/Governo do Tocantins&nbsp;<a href=\"https:\/\/central.to.gov.br\/image\/326483?f=1\" target=\"_blank\" rel=\"noreferrer noopener\"><em>f<\/em><\/a><\/p>\n","protected":false},"excerpt":{"rendered":"<p>O Hospital e Maternidade Dona Regina Siqueira Campos (HMDR) iniciou nesta segunda-feira, 24, o curso de Gerenciamento de Res\u00edduos Hospitalares direcionada a coordenadores e demais gestores da Unidade Hospitalar, que ser\u00e3o multiplicadores do conhecimento adquirido no curso para suas equipes de trabalho. A Capacita\u00e7\u00e3o ser\u00e1 realizada at\u00e9 a sexta-feira, 28. A respons\u00e1vel pelo N\u00facleo de [&hellip;]<\/p>\n","protected":false},"author":2,"featured_media":15493,"comment_status":"open","ping_status":"open","sticky":false,"template":"","format":"standard","meta":[],"categories":[3],"tags":[13],"_links":{"self":[{"href":"https:\/\/dgospel.com.br\/portal\/index.php\/wp-json\/wp\/v2\/posts\/15492"}],"collection":[{"href":"https:\/\/dgospel.com.br\/portal\/index.php\/wp-json\/wp\/v2\/posts"}],"about":[{"href":"https:\/\/dgospel.com.br\/portal\/index.php\/wp-json\/wp\/v2\/types\/post"}],"author":[{"embeddable":true,"href":"https:\/\/dgospel.com.br\/portal\/index.php\/wp-json\/wp\/v2\/users\/2"}],"replies":[{"embeddable":true,"href":"https:\/\/dgospel.com.br\/portal\/index.php\/wp-json\/wp\/v2\/comments?post=15492"}],"version-history":[{"count":1,"href":"https:\/\/dgospel.com.br\/portal\/index.php\/wp-json\/wp\/v2\/posts\/15492\/revisions"}],"predecessor-version":[{"id":15494,"href":"https:\/\/dgospel.com.br\/portal\/index.php\/wp-json\/wp\/v2\/posts\/15492\/revisions\/15494"}],"wp:featuredmedia":[{"embeddable":true,"href":"https:\/\/dgospel.com.br\/portal\/index.php\/wp-json\/wp\/v2\/media\/15493"}],"wp:attachment":[{"href":"https:\/\/dgospel.com.br\/portal\/index.php\/wp-json\/wp\/v2\/media?parent=15492"}],"wp:term":[{"taxonomy":"category","embeddable":true,"href":"https:\/\/dgospel.com.br\/portal\/index.php\/wp-json\/wp\/v2\/categories?post=15492"},{"taxonomy":"post_tag","embeddable":true,"href":"https:\/\/dgospel.com.br\/portal\/index.php\/wp-json\/wp\/v2\/tags?post=15492"}],"curies":[{"name":"wp","href":"https:\/\/api.w.org\/{rel}","templated":true}]}}