{"id":15498,"date":"2023-04-25T09:13:53","date_gmt":"2023-04-25T12:13:53","guid":{"rendered":"http:\/\/dgospel.com.br\/portal\/?p=15498"},"modified":"2023-04-25T09:13:55","modified_gmt":"2023-04-25T12:13:55","slug":"deputados-portugueses-fazem-protesto-durante-fala-de-lula","status":"publish","type":"post","link":"https:\/\/dgospel.com.br\/portal\/index.php\/2023\/04\/25\/deputados-portugueses-fazem-protesto-durante-fala-de-lula\/","title":{"rendered":"Deputados portugueses fazem protesto durante fala de Lula"},"content":{"rendered":"\n<p>Deputados do partido portugu\u00eas de direita Chega protestaram no Plen\u00e1rio do Parlamento de&nbsp;<a href=\"http:\/\/pleno.news\/tag\/portugal\" target=\"_blank\" rel=\"noreferrer noopener\">Portugal<\/a>&nbsp;nesta ter\u00e7a-feira (25) contra a presen\u00e7a do presidente&nbsp;<a href=\"http:\/\/pleno.news\/tag\/lula\" target=\"_blank\" rel=\"noreferrer noopener\">Luiz In\u00e1cio Lula da Silva<\/a>&nbsp;(PT) no local. Assim que o petista come\u00e7ou a falar, congressistas se levantaram e expuseram cartazes com a bandeira da Ucr\u00e2nia e com frases como \u201clugar de ladr\u00e3o \u00e9 na pris\u00e3o\u201d e \u201cchega de corrup\u00e7\u00e3o\u201d.<\/p>\n\n\n\n<p>O protesto, por\u00e9m, causou a ira do presidente da Casa, Augusto Santos Silva, do Partido Socialista, que repreendeu os parlamentares do Chega e disse que, para que os deputados continuassem no Plen\u00e1rio, eles teriam que se comportar com \u201curbanidade, cortesia e educa\u00e7\u00e3o\u201d.<\/p>\n\n\n\n<p>\u2013 Basta de insultos e degrada\u00e7\u00f5es das institui\u00e7\u00f5es \u2013 reclamou Silva.<\/p>\n\n\n\n<figure class=\"wp-block-embed is-type-video is-provider-youtube wp-block-embed-youtube wp-embed-aspect-4-3 wp-has-aspect-ratio\"><div class=\"wp-block-embed__wrapper\">\n<iframe loading=\"lazy\" title=\"DIRETO |  Sess\u00e3o solene de boas-vindas ao Presidente da Rep\u00fablica Federativa do Brasil\" width=\"630\" height=\"473\" src=\"https:\/\/www.youtube.com\/embed\/32e9gWvBLL8?start=4686&#038;feature=oembed\" frameborder=\"0\" allow=\"accelerometer; autoplay; clipboard-write; encrypted-media; gyroscope; picture-in-picture; web-share\" allowfullscreen><\/iframe>\n<\/div><\/figure>\n\n\n\n<p>O dia em Portugal j\u00e1 havia come\u00e7ado com centenas de manifestantes em torno do Parlamento que participaram de duas mobiliza\u00e7\u00f5es, uma a favor e outra contra o presidente brasileiro, em meio a um forte efetivo policial. A presen\u00e7a de Lula no Parlamento coincidindo com a celebra\u00e7\u00e3o de atos referentes \u00e0 Revolu\u00e7\u00e3o dos Cravos causou uma pol\u00eamica pol\u00edtica em Portugal nos \u00faltimos dias.<\/p>\n\n\n\n<p>*Com informa\u00e7\u00f5es EFE<\/p>\n","protected":false},"excerpt":{"rendered":"<p>Deputados do partido portugu\u00eas de direita Chega protestaram no Plen\u00e1rio do Parlamento de&nbsp;Portugal&nbsp;nesta ter\u00e7a-feira (25) contra a presen\u00e7a do presidente&nbsp;Luiz In\u00e1cio Lula da Silva&nbsp;(PT) no local. Assim que o petista come\u00e7ou a falar, congressistas se levantaram e expuseram cartazes com a bandeira da Ucr\u00e2nia e com frases como \u201clugar de ladr\u00e3o \u00e9 na pris\u00e3o\u201d e [&hellip;]<\/p>\n","protected":false},"author":2,"featured_media":15499,"comment_status":"open","ping_status":"open","sticky":false,"template":"","format":"standard","meta":[],"categories":[4],"tags":[],"_links":{"self":[{"href":"https:\/\/dgospel.com.br\/portal\/index.php\/wp-json\/wp\/v2\/posts\/15498"}],"collection":[{"href":"https:\/\/dgospel.com.br\/portal\/index.php\/wp-json\/wp\/v2\/posts"}],"about":[{"href":"https:\/\/dgospel.com.br\/portal\/index.php\/wp-json\/wp\/v2\/types\/post"}],"author":[{"embeddable":true,"href":"https:\/\/dgospel.com.br\/portal\/index.php\/wp-json\/wp\/v2\/users\/2"}],"replies":[{"embeddable":true,"href":"https:\/\/dgospel.com.br\/portal\/index.php\/wp-json\/wp\/v2\/comments?post=15498"}],"version-history":[{"count":1,"href":"https:\/\/dgospel.com.br\/portal\/index.php\/wp-json\/wp\/v2\/posts\/15498\/revisions"}],"predecessor-version":[{"id":15500,"href":"https:\/\/dgospel.com.br\/portal\/index.php\/wp-json\/wp\/v2\/posts\/15498\/revisions\/15500"}],"wp:featuredmedia":[{"embeddable":true,"href":"https:\/\/dgospel.com.br\/portal\/index.php\/wp-json\/wp\/v2\/media\/15499"}],"wp:attachment":[{"href":"https:\/\/dgospel.com.br\/portal\/index.php\/wp-json\/wp\/v2\/media?parent=15498"}],"wp:term":[{"taxonomy":"category","embeddable":true,"href":"https:\/\/dgospel.com.br\/portal\/index.php\/wp-json\/wp\/v2\/categories?post=15498"},{"taxonomy":"post_tag","embeddable":true,"href":"https:\/\/dgospel.com.br\/portal\/index.php\/wp-json\/wp\/v2\/tags?post=15498"}],"curies":[{"name":"wp","href":"https:\/\/api.w.org\/{rel}","templated":true}]}}