{"id":15501,"date":"2023-04-25T09:16:57","date_gmt":"2023-04-25T12:16:57","guid":{"rendered":"http:\/\/dgospel.com.br\/portal\/?p=15501"},"modified":"2023-04-25T09:16:59","modified_gmt":"2023-04-25T12:16:59","slug":"presidente-joe-biden-anuncia-que-vai-ser-candidato-a-reeleicao","status":"publish","type":"post","link":"https:\/\/dgospel.com.br\/portal\/index.php\/2023\/04\/25\/presidente-joe-biden-anuncia-que-vai-ser-candidato-a-reeleicao\/","title":{"rendered":"Presidente Joe Biden anuncia que vai ser candidato \u00e0 reelei\u00e7\u00e3o"},"content":{"rendered":"\n<p>O presidente dos&nbsp;<a href=\"http:\/\/pleno.news\/tag\/joe-biden\" target=\"_blank\" rel=\"noreferrer noopener\">Estados Unidos<\/a>,&nbsp;<a href=\"http:\/\/pleno.news\/tag\/joe-biden\" target=\"_blank\" rel=\"noreferrer noopener\">Joe Biden<\/a>, anunciou que vai concorrer \u00e0 reelei\u00e7\u00e3o ao cargo em 2024. A confirma\u00e7\u00e3o oficial foi feita atrav\u00e9s de um v\u00eddeo divulgado pela Casa Branca nesta ter\u00e7a-feira (25). Extraoficialmente, Biden j\u00e1 havia afirmado na \u00faltima semana que ele deveria se candidatar para mais um mandato de quatro anos.<\/p>\n\n\n\n<p>Apesar do an\u00fancio, o presidente estadunidense encontra atualmente uma resist\u00eancia a seu nome at\u00e9 mesmo entre os democratas. Uma pesquisa Reuters\/Ipsos realizada nesta semana apontou que 44% dos entrevistados acham que Biden n\u00e3o deveria concorrer a um novo mandato.<\/p>\n\n\n\n<p>As circunst\u00e2ncias que rodeiam o chefe de Estado norte-americano tamb\u00e9m n\u00e3o parecem promissoras a ele, com um \u00edndice de aprova\u00e7\u00e3o patinando na casa dos 40% e uma batalha contra a infla\u00e7\u00e3o crescente. Com o cen\u00e1rio de pr\u00e9-candidatos atual, Biden pode ter de encarar novamente o ex-presidente Donald Trump, como aconteceu em 2020.<\/p>\n\n\n\n<p>Marcadas para daqui a 18 meses, as elei\u00e7\u00f5es presidenciais norte-americanas devem acontecer no dia 5 de novembro de 2024. Antes disso, por\u00e9m, cada partido realizar\u00e1 as chamadas prim\u00e1rias, que s\u00e3o elei\u00e7\u00f5es internas para definir quais ser\u00e3o os candidatos de cada legenda. As conven\u00e7\u00f5es, que s\u00e3o os eventos que oficializam esses representantes, ocorrer\u00e3o em julho e agosto de 2024.<\/p>\n","protected":false},"excerpt":{"rendered":"<p>O presidente dos&nbsp;Estados Unidos,&nbsp;Joe Biden, anunciou que vai concorrer \u00e0 reelei\u00e7\u00e3o ao cargo em 2024. A confirma\u00e7\u00e3o oficial foi feita atrav\u00e9s de um v\u00eddeo divulgado pela Casa Branca nesta ter\u00e7a-feira (25). Extraoficialmente, Biden j\u00e1 havia afirmado na \u00faltima semana que ele deveria se candidatar para mais um mandato de quatro anos. Apesar do an\u00fancio, o [&hellip;]<\/p>\n","protected":false},"author":2,"featured_media":15502,"comment_status":"open","ping_status":"open","sticky":false,"template":"","format":"standard","meta":[],"categories":[16],"tags":[],"_links":{"self":[{"href":"https:\/\/dgospel.com.br\/portal\/index.php\/wp-json\/wp\/v2\/posts\/15501"}],"collection":[{"href":"https:\/\/dgospel.com.br\/portal\/index.php\/wp-json\/wp\/v2\/posts"}],"about":[{"href":"https:\/\/dgospel.com.br\/portal\/index.php\/wp-json\/wp\/v2\/types\/post"}],"author":[{"embeddable":true,"href":"https:\/\/dgospel.com.br\/portal\/index.php\/wp-json\/wp\/v2\/users\/2"}],"replies":[{"embeddable":true,"href":"https:\/\/dgospel.com.br\/portal\/index.php\/wp-json\/wp\/v2\/comments?post=15501"}],"version-history":[{"count":1,"href":"https:\/\/dgospel.com.br\/portal\/index.php\/wp-json\/wp\/v2\/posts\/15501\/revisions"}],"predecessor-version":[{"id":15503,"href":"https:\/\/dgospel.com.br\/portal\/index.php\/wp-json\/wp\/v2\/posts\/15501\/revisions\/15503"}],"wp:featuredmedia":[{"embeddable":true,"href":"https:\/\/dgospel.com.br\/portal\/index.php\/wp-json\/wp\/v2\/media\/15502"}],"wp:attachment":[{"href":"https:\/\/dgospel.com.br\/portal\/index.php\/wp-json\/wp\/v2\/media?parent=15501"}],"wp:term":[{"taxonomy":"category","embeddable":true,"href":"https:\/\/dgospel.com.br\/portal\/index.php\/wp-json\/wp\/v2\/categories?post=15501"},{"taxonomy":"post_tag","embeddable":true,"href":"https:\/\/dgospel.com.br\/portal\/index.php\/wp-json\/wp\/v2\/tags?post=15501"}],"curies":[{"name":"wp","href":"https:\/\/api.w.org\/{rel}","templated":true}]}}