{"id":15504,"date":"2023-04-25T09:36:21","date_gmt":"2023-04-25T12:36:21","guid":{"rendered":"http:\/\/dgospel.com.br\/portal\/?p=15504"},"modified":"2023-04-25T09:36:22","modified_gmt":"2023-04-25T12:36:22","slug":"deputados-pedem-a-prisao-de-flavio-dino-ele-sabia","status":"publish","type":"post","link":"https:\/\/dgospel.com.br\/portal\/index.php\/2023\/04\/25\/deputados-pedem-a-prisao-de-flavio-dino-ele-sabia\/","title":{"rendered":"Deputados pedem a pris\u00e3o de Fl\u00e1vio Dino: \u201cEle sabia\u201d"},"content":{"rendered":"\n<p>Deputados da oposi\u00e7\u00e3o apresentaram \u00e0 Procuradoria-Geral da Rep\u00fablica (PGR), nesta segunda-feira (24), um pedido de pris\u00e3o contra o Ministro da Justi\u00e7a, Fl\u00e1vio Dino.<\/p>\n\n\n\n<p>Para os parlamentares, o ex-ministro do Gabinete de Seguran\u00e7a Institucional (GSI), general Gon\u00e7alves Dias, deixou claro em seu depoimento \u00e0 Pol\u00edcia Federal que Dino sabia dos riscos das manifesta\u00e7\u00f5es do dia 8 de janeiro.<\/p>\n\n\n\n<p>\u2013 Dessa forma, questionamos: se Dino sabia, por que n\u00e3o alertou os presidentes da C\u00e2mara dos Deputados, Senado e STF sobre o risco iminente? \u2013 comenta o deputado federal Daniel Freitas (PL-SC), um dos autores do pedido de pris\u00e3o.<\/p>\n\n\n\n<p>E continua:<\/p>\n\n\n\n<p>\u2013 \u00c9 v\u00e1lido ressaltar que utilizamos a mesma justificativa jur\u00eddica que mant\u00e9m at\u00e9 hoje Anderson Torres preso. Ora, a situa\u00e7\u00e3o \u00e9 a mesma. Por que um segue encarcerado e o outro n\u00e3o? Afinal de contas, somos ou n\u00e3o somos todos iguais perante a lei? Se Anderson est\u00e1 detido, Fl\u00e1vio Dino tamb\u00e9m deve estar.<\/p>\n","protected":false},"excerpt":{"rendered":"<p>Deputados da oposi\u00e7\u00e3o apresentaram \u00e0 Procuradoria-Geral da Rep\u00fablica (PGR), nesta segunda-feira (24), um pedido de pris\u00e3o contra o Ministro da Justi\u00e7a, Fl\u00e1vio Dino. Para os parlamentares, o ex-ministro do Gabinete de Seguran\u00e7a Institucional (GSI), general Gon\u00e7alves Dias, deixou claro em seu depoimento \u00e0 Pol\u00edcia Federal que Dino sabia dos riscos das manifesta\u00e7\u00f5es do dia 8 [&hellip;]<\/p>\n","protected":false},"author":2,"featured_media":15505,"comment_status":"open","ping_status":"open","sticky":false,"template":"","format":"standard","meta":[],"categories":[10],"tags":[],"_links":{"self":[{"href":"https:\/\/dgospel.com.br\/portal\/index.php\/wp-json\/wp\/v2\/posts\/15504"}],"collection":[{"href":"https:\/\/dgospel.com.br\/portal\/index.php\/wp-json\/wp\/v2\/posts"}],"about":[{"href":"https:\/\/dgospel.com.br\/portal\/index.php\/wp-json\/wp\/v2\/types\/post"}],"author":[{"embeddable":true,"href":"https:\/\/dgospel.com.br\/portal\/index.php\/wp-json\/wp\/v2\/users\/2"}],"replies":[{"embeddable":true,"href":"https:\/\/dgospel.com.br\/portal\/index.php\/wp-json\/wp\/v2\/comments?post=15504"}],"version-history":[{"count":1,"href":"https:\/\/dgospel.com.br\/portal\/index.php\/wp-json\/wp\/v2\/posts\/15504\/revisions"}],"predecessor-version":[{"id":15506,"href":"https:\/\/dgospel.com.br\/portal\/index.php\/wp-json\/wp\/v2\/posts\/15504\/revisions\/15506"}],"wp:featuredmedia":[{"embeddable":true,"href":"https:\/\/dgospel.com.br\/portal\/index.php\/wp-json\/wp\/v2\/media\/15505"}],"wp:attachment":[{"href":"https:\/\/dgospel.com.br\/portal\/index.php\/wp-json\/wp\/v2\/media?parent=15504"}],"wp:term":[{"taxonomy":"category","embeddable":true,"href":"https:\/\/dgospel.com.br\/portal\/index.php\/wp-json\/wp\/v2\/categories?post=15504"},{"taxonomy":"post_tag","embeddable":true,"href":"https:\/\/dgospel.com.br\/portal\/index.php\/wp-json\/wp\/v2\/tags?post=15504"}],"curies":[{"name":"wp","href":"https:\/\/api.w.org\/{rel}","templated":true}]}}