{"id":15507,"date":"2023-04-25T09:43:14","date_gmt":"2023-04-25T12:43:14","guid":{"rendered":"http:\/\/dgospel.com.br\/portal\/?p=15507"},"modified":"2023-04-25T09:43:15","modified_gmt":"2023-04-25T12:43:15","slug":"rubens-uchoa-requer-escolta-armada-nas-escolas-de-palmas","status":"publish","type":"post","link":"https:\/\/dgospel.com.br\/portal\/index.php\/2023\/04\/25\/rubens-uchoa-requer-escolta-armada-nas-escolas-de-palmas\/","title":{"rendered":"Rubens Uch\u00f4a requer escolta armada nas escolas de Palmas"},"content":{"rendered":"\n<p>O vereador de Palmas Rubens Uch\u00f4a requer junto ao Poder Executivo Municipal que promova a disponibiliza\u00e7\u00e3o de escolta armada nas Escolas Municipais de Palmas.&nbsp; &nbsp; &nbsp; &nbsp; &nbsp;&nbsp;<\/p>\n\n\n\n<p>Considerando a grande quantidade de ataques nas Escolas pelos pais, vitimando diversas crian\u00e7as inocentes, solicitamos a disponibiliza\u00e7\u00e3o de escolta armada nas Escolas a fim de amenizar as ondas de viol\u00eancia e ataques nas nossas escolas.<\/p>\n\n\n\n<p>\u201cBuscando dar uma melhor seguran\u00e7a para nossos alunos, \u00e9 que venho requerer escolta armada nas escolas municipais em nossa Capital\u201d, disse o Parlamentar.<\/p>\n","protected":false},"excerpt":{"rendered":"<p>O vereador de Palmas Rubens Uch\u00f4a requer junto ao Poder Executivo Municipal que promova a disponibiliza\u00e7\u00e3o de escolta armada nas Escolas Municipais de Palmas.&nbsp; &nbsp; &nbsp; &nbsp; &nbsp;&nbsp; Considerando a grande quantidade de ataques nas Escolas pelos pais, vitimando diversas crian\u00e7as inocentes, solicitamos a disponibiliza\u00e7\u00e3o de escolta armada nas Escolas a fim de amenizar as [&hellip;]<\/p>\n","protected":false},"author":2,"featured_media":15508,"comment_status":"open","ping_status":"open","sticky":false,"template":"","format":"standard","meta":[],"categories":[8],"tags":[],"_links":{"self":[{"href":"https:\/\/dgospel.com.br\/portal\/index.php\/wp-json\/wp\/v2\/posts\/15507"}],"collection":[{"href":"https:\/\/dgospel.com.br\/portal\/index.php\/wp-json\/wp\/v2\/posts"}],"about":[{"href":"https:\/\/dgospel.com.br\/portal\/index.php\/wp-json\/wp\/v2\/types\/post"}],"author":[{"embeddable":true,"href":"https:\/\/dgospel.com.br\/portal\/index.php\/wp-json\/wp\/v2\/users\/2"}],"replies":[{"embeddable":true,"href":"https:\/\/dgospel.com.br\/portal\/index.php\/wp-json\/wp\/v2\/comments?post=15507"}],"version-history":[{"count":1,"href":"https:\/\/dgospel.com.br\/portal\/index.php\/wp-json\/wp\/v2\/posts\/15507\/revisions"}],"predecessor-version":[{"id":15509,"href":"https:\/\/dgospel.com.br\/portal\/index.php\/wp-json\/wp\/v2\/posts\/15507\/revisions\/15509"}],"wp:featuredmedia":[{"embeddable":true,"href":"https:\/\/dgospel.com.br\/portal\/index.php\/wp-json\/wp\/v2\/media\/15508"}],"wp:attachment":[{"href":"https:\/\/dgospel.com.br\/portal\/index.php\/wp-json\/wp\/v2\/media?parent=15507"}],"wp:term":[{"taxonomy":"category","embeddable":true,"href":"https:\/\/dgospel.com.br\/portal\/index.php\/wp-json\/wp\/v2\/categories?post=15507"},{"taxonomy":"post_tag","embeddable":true,"href":"https:\/\/dgospel.com.br\/portal\/index.php\/wp-json\/wp\/v2\/tags?post=15507"}],"curies":[{"name":"wp","href":"https:\/\/api.w.org\/{rel}","templated":true}]}}