{"id":15510,"date":"2023-04-25T09:54:10","date_gmt":"2023-04-25T12:54:10","guid":{"rendered":"http:\/\/dgospel.com.br\/portal\/?p=15510"},"modified":"2023-04-25T09:54:11","modified_gmt":"2023-04-25T12:54:11","slug":"pl-de-rubens-uchoa-que-dispoe-realizacao-do-censo-de-transtornos-do-espectro-autista-e-aprovado","status":"publish","type":"post","link":"https:\/\/dgospel.com.br\/portal\/index.php\/2023\/04\/25\/pl-de-rubens-uchoa-que-dispoe-realizacao-do-censo-de-transtornos-do-espectro-autista-e-aprovado\/","title":{"rendered":"PL de Rubens Uch\u00f4a que disp\u00f5e realiza\u00e7\u00e3o do censo de transtornos do espectro autista \u00e9 aprovado"},"content":{"rendered":"\n<p>Aprovado Projeto de Lei de autoria do vereador Rubens Uch\u00f4a onde disp\u00f5e a realiza\u00e7\u00e3o do censo para transtornos do espectro autista (TEA) Matriculados nas Escolas do munic\u00edpio de Palmas.<\/p>\n\n\n\n<p> As escolas p\u00fablicas municipais e privadas do munic\u00edpio de Palmas far\u00e1 Censo de Inclus\u00e3o de Autistas, ficando obrigadas e informar ao \u00d3rg\u00e3o competente indicado pelo pode executivo, das crian\u00e7as e jovens com transtorno do aspectro autistas \u2013 TEA que estejam matriculadas em seus estabelecimentos, com objetivo e alimentar o banco de dados. <\/p>\n\n\n\n<p>Os objetivos desta Lei ser\u00e3o realizados com Censos a cada dois anos pelo \u00d3rg\u00e3o competente indicado pelo Poder executivo nas redes de ensino p\u00fablico e privado para obten\u00e7\u00e3o de dados, como o grau do TEA. <\/p>\n\n\n\n<p><strong>Os objetivos<\/strong>:<\/p>\n\n\n\n<p> I \u2013 Identificar a qualidade e o perfil socioecon\u00f4mico das crian\u00e7as e jovens com TEA autistas articulados nas redes de ensino p\u00fablico e privados do munic\u00edpios de Palmas. <\/p>\n\n\n\n<p>II \u2013 Criar o mapeamento dos casos de crian\u00e7as e jovens com TEA.<\/p>\n\n\n\n<p> III \u2013 Identificar atrav\u00e9s do censo as crian\u00e7as e jovens com TEA, que j\u00e1 se encontrem em programas assistenciais do Munic\u00edpio, do Estado ou Governo Federal.<\/p>\n\n\n\n<p> IV \u2013 Direcionar pol\u00edticas p\u00fablicas para o atendimento de pessoas com TEA.<\/p>\n\n\n\n<p><\/p>\n\n\n\n<p>Informa\u00e7\u00e3o: jornalprimeirapaginato<\/p>\n","protected":false},"excerpt":{"rendered":"<p>Aprovado Projeto de Lei de autoria do vereador Rubens Uch\u00f4a onde disp\u00f5e a realiza\u00e7\u00e3o do censo para transtornos do espectro autista (TEA) Matriculados nas Escolas do munic\u00edpio de Palmas. As escolas p\u00fablicas municipais e privadas do munic\u00edpio de Palmas far\u00e1 Censo de Inclus\u00e3o de Autistas, ficando obrigadas e informar ao \u00d3rg\u00e3o competente indicado pelo pode [&hellip;]<\/p>\n","protected":false},"author":2,"featured_media":15511,"comment_status":"open","ping_status":"open","sticky":false,"template":"","format":"standard","meta":[],"categories":[8],"tags":[],"_links":{"self":[{"href":"https:\/\/dgospel.com.br\/portal\/index.php\/wp-json\/wp\/v2\/posts\/15510"}],"collection":[{"href":"https:\/\/dgospel.com.br\/portal\/index.php\/wp-json\/wp\/v2\/posts"}],"about":[{"href":"https:\/\/dgospel.com.br\/portal\/index.php\/wp-json\/wp\/v2\/types\/post"}],"author":[{"embeddable":true,"href":"https:\/\/dgospel.com.br\/portal\/index.php\/wp-json\/wp\/v2\/users\/2"}],"replies":[{"embeddable":true,"href":"https:\/\/dgospel.com.br\/portal\/index.php\/wp-json\/wp\/v2\/comments?post=15510"}],"version-history":[{"count":1,"href":"https:\/\/dgospel.com.br\/portal\/index.php\/wp-json\/wp\/v2\/posts\/15510\/revisions"}],"predecessor-version":[{"id":15512,"href":"https:\/\/dgospel.com.br\/portal\/index.php\/wp-json\/wp\/v2\/posts\/15510\/revisions\/15512"}],"wp:featuredmedia":[{"embeddable":true,"href":"https:\/\/dgospel.com.br\/portal\/index.php\/wp-json\/wp\/v2\/media\/15511"}],"wp:attachment":[{"href":"https:\/\/dgospel.com.br\/portal\/index.php\/wp-json\/wp\/v2\/media?parent=15510"}],"wp:term":[{"taxonomy":"category","embeddable":true,"href":"https:\/\/dgospel.com.br\/portal\/index.php\/wp-json\/wp\/v2\/categories?post=15510"},{"taxonomy":"post_tag","embeddable":true,"href":"https:\/\/dgospel.com.br\/portal\/index.php\/wp-json\/wp\/v2\/tags?post=15510"}],"curies":[{"name":"wp","href":"https:\/\/api.w.org\/{rel}","templated":true}]}}