{"id":15541,"date":"2023-04-26T15:16:51","date_gmt":"2023-04-26T18:16:51","guid":{"rendered":"http:\/\/dgospel.com.br\/portal\/?p=15541"},"modified":"2023-04-26T15:16:53","modified_gmt":"2023-04-26T18:16:53","slug":"pacheco-autoriza-a-cpmi-do-8-de-janeiro","status":"publish","type":"post","link":"https:\/\/dgospel.com.br\/portal\/index.php\/2023\/04\/26\/pacheco-autoriza-a-cpmi-do-8-de-janeiro\/","title":{"rendered":"Pacheco autoriza a CPMI do 8 de janeiro"},"content":{"rendered":"\n<p>O presidente do Senado, Rodrigo Pacheco (PSD-MG), autorizou \u2014 enfim \u2014 a instala\u00e7\u00e3o da CPMI do 8 de janeiro. A leitura do requerimento ocorreu na sess\u00e3o do Congresso Nacional aberta no in\u00edcio da tarde desta quarta-feira, 26.<\/p>\n\n\n\n<p>Antes mesmo da leitura do requerimento que autoriza a instala\u00e7\u00e3o, Pacheco afirmou \u00e0 imprensa que os trabalhos da CPMI do 8 de janeiro ser\u00e3o iniciados a partir da pr\u00f3xima semana.<\/p>\n\n\n\n<p>Apesar da abertura das indica\u00e7\u00f5es para a composi\u00e7\u00e3o da comiss\u00e3o, a defini\u00e7\u00e3o de todos os nomes tamb\u00e9m ocorrer\u00e1 somente na pr\u00f3xima semana, conforme apurou&nbsp;<strong>Oeste.<\/strong><\/p>\n\n\n\n<p>O aval para a instala\u00e7\u00e3o da CPMI do 8 de janeiro era aguardado para a sess\u00e3o da \u00faltima semana do&nbsp;<strong><a href=\"https:\/\/www.congressonacional.leg.br\/\" target=\"_blank\" rel=\"noreferrer noopener\">Congresso Nacional<\/a><\/strong>. Pacheco, no entanto,&nbsp;<strong><a href=\"https:\/\/revistaoeste.com\/no-ponto\/pacheco-ajuda-lula-e-adia-sessao-para-instalar-cpmi-do-8-de-janeiro\/\" target=\"_blank\" rel=\"noreferrer noopener\">ajudou o governo do presidente Lula e adiou a instala\u00e7\u00e3o<\/a><\/strong>&nbsp;da comiss\u00e3o, que, diferentemente de uma comiss\u00e3o comum, \u00e9 \u201cmista\u201d, reunindo deputados federais e senadores.<\/p>\n\n\n\n<p>A instala\u00e7\u00e3o da CPMI ocorre em meio \u00e0 mudan\u00e7a de postura por parte da base governista. At\u00e9 meados da \u00faltima semana, o governo era contr\u00e1rio \u00e0 exist\u00eancia da comiss\u00e3o. O discurso dos aliados de Lula mudou depois que imagens mostraram a presen\u00e7a do ent\u00e3o ministro-chefe do Gabinete de Seguran\u00e7a Institucional (GSI), general Gon\u00e7alves Dias,<strong>&nbsp;<a href=\"https:\/\/revistaoeste.com\/politica\/imagens-mostram-atuacao-do-gsi-no-8-de-janeiro\/\" target=\"_blank\" rel=\"noreferrer noopener\">no Pal\u00e1cio do Planalto no dia em que o local foi invadido<\/a><\/strong>&nbsp;por manifestantes.<\/p>\n\n\n\n<p>No mesmo dia das revela\u00e7\u00f5es das imagens, divulgadas em primeira m\u00e3o pela emissora CNN Brasil, Gon\u00e7alves Dias deixou o minist\u00e9rio lulista. Al\u00e9m da sua queda, o governo passou a discursar em favor da instala\u00e7\u00e3o da CPMI \u2014 e agora atua nos bastidores do poder para&nbsp;<strong><a href=\"https:\/\/revistaoeste.com\/no-ponto\/governo-agora-quer-presidencia-e-relatoria-da-cpmi-do-8-de-janeiro\/\" target=\"_blank\" rel=\"noreferrer noopener\">conquistar para aliados a presid\u00eancia e a relatoria da comiss\u00e3o<\/a><\/strong>.<\/p>\n\n\n\n<h2 id=\"h-qual-sera-a-composicao-da-cpmi-do-8-de-janeiro\">Qual ser\u00e1 a composi\u00e7\u00e3o da CPMI do 8 de janeiro?<\/h2>\n\n\n\n<figure class=\"wp-block-image\"><img src=\"https:\/\/medias.revistaoeste.com\/qa-staging\/wp-content\/uploads\/2023\/04\/invasao-de-8-de-janeiro-visao-ampla-da-rampa-do-congresso.jpg\" alt=\"8 de janeiro\" class=\"wp-image-749975\"\/><figcaption>Manifesta\u00e7\u00f5es foram realizadas em 8 de janeiro de 2023 | Foto: Wikimedia Commons<\/figcaption><\/figure>\n\n\n\n<p>Uma vez instalada, a CPMI do 8 de janeiro ter\u00e1 de definir a sua composi\u00e7\u00e3o. Pelos regimentos do Congresso, ela ser\u00e1 constitu\u00edda por 15 senadores e 15 deputados, al\u00e9m de dois l\u00edderes de Minoria, em rod\u00edzio. Al\u00e9m disso, outros 15 senadores e 15 deputados ser\u00e3o suplentes. Caber\u00e1 a eles apresentar relat\u00f3rio final sobre as investiga\u00e7\u00f5es referentes \u00e0s invas\u00f5es aos pr\u00e9dios dos Tr\u00eas Poderes em at\u00e9 120 dias (prazo que pode ser prorrogado por mais 60 dias).<\/p>\n\n\n\n<p>As vagas para uma CPMI levam em considera\u00e7\u00e3o os tamanhos dos blocos partid\u00e1rios. Pelo lado da oposi\u00e7\u00e3o, que sempre defendeu a instala\u00e7\u00e3o de uma comiss\u00e3o para investigar o que de fato ocorreu no dia 8 de janeiro, o Partido Liberal (PL) tem os nomes dos deputados Andr\u00e9 Fernandes (CE), Eduardo Bolsonaro (RJ) e Delegado Ramagem (RJ)&nbsp;<strong><a href=\"https:\/\/revistaoeste.com\/no-ponto\/pl-ja-tem-os-nomes-para-a-cpmi-do-8-de-janeiro\/\" target=\"_blank\" rel=\"noreferrer noopener\">como indicados pelo lado da C\u00e2mara<\/a><\/strong>.<\/p>\n\n\n\n<p>Pelo lado da base governista, que anteriormente atuava contra a instala\u00e7\u00e3o da CPMI do 8 de janeiro,\u00a0<strong><a rel=\"noreferrer noopener\" href=\"https:\/\/revistaoeste.com\/no-ponto\/governo-agora-quer-presidencia-e-relatoria-da-cpmi-do-8-de-janeiro\/\" target=\"_blank\">quatro senadores devem ser indicados para compor a mesa diretora da comiss\u00e3o:<\/a><\/strong>\u00a0Humberto Costa (PT-PE), Omar Aziz (PSD-AM), Randolfe Rodrigues (Rede-AP) e Renan Calheiros (MDB-AL).<a rel=\"noreferrer noopener\" href=\"https:\/\/api.whatsapp.com\/send?text={Pacheco%2C+enfim%2C+autoriza+a+CPMI+do+8+de+janeiro}%20{https%3A%2F%2Frevistaoeste.com%2Fpolitica%2Fpacheco-enfim-autoriza-a-cpmi-do-8-de-janeiro%2F}\" target=\"_blank\"><\/a><\/p>\n","protected":false},"excerpt":{"rendered":"<p>O presidente do Senado, Rodrigo Pacheco (PSD-MG), autorizou \u2014 enfim \u2014 a instala\u00e7\u00e3o da CPMI do 8 de janeiro. A leitura do requerimento ocorreu na sess\u00e3o do Congresso Nacional aberta no in\u00edcio da tarde desta quarta-feira, 26. Antes mesmo da leitura do requerimento que autoriza a instala\u00e7\u00e3o, Pacheco afirmou \u00e0 imprensa que os trabalhos da [&hellip;]<\/p>\n","protected":false},"author":2,"featured_media":15542,"comment_status":"open","ping_status":"open","sticky":false,"template":"","format":"standard","meta":[],"categories":[8],"tags":[13],"_links":{"self":[{"href":"https:\/\/dgospel.com.br\/portal\/index.php\/wp-json\/wp\/v2\/posts\/15541"}],"collection":[{"href":"https:\/\/dgospel.com.br\/portal\/index.php\/wp-json\/wp\/v2\/posts"}],"about":[{"href":"https:\/\/dgospel.com.br\/portal\/index.php\/wp-json\/wp\/v2\/types\/post"}],"author":[{"embeddable":true,"href":"https:\/\/dgospel.com.br\/portal\/index.php\/wp-json\/wp\/v2\/users\/2"}],"replies":[{"embeddable":true,"href":"https:\/\/dgospel.com.br\/portal\/index.php\/wp-json\/wp\/v2\/comments?post=15541"}],"version-history":[{"count":1,"href":"https:\/\/dgospel.com.br\/portal\/index.php\/wp-json\/wp\/v2\/posts\/15541\/revisions"}],"predecessor-version":[{"id":15543,"href":"https:\/\/dgospel.com.br\/portal\/index.php\/wp-json\/wp\/v2\/posts\/15541\/revisions\/15543"}],"wp:featuredmedia":[{"embeddable":true,"href":"https:\/\/dgospel.com.br\/portal\/index.php\/wp-json\/wp\/v2\/media\/15542"}],"wp:attachment":[{"href":"https:\/\/dgospel.com.br\/portal\/index.php\/wp-json\/wp\/v2\/media?parent=15541"}],"wp:term":[{"taxonomy":"category","embeddable":true,"href":"https:\/\/dgospel.com.br\/portal\/index.php\/wp-json\/wp\/v2\/categories?post=15541"},{"taxonomy":"post_tag","embeddable":true,"href":"https:\/\/dgospel.com.br\/portal\/index.php\/wp-json\/wp\/v2\/tags?post=15541"}],"curies":[{"name":"wp","href":"https:\/\/api.w.org\/{rel}","templated":true}]}}