{"id":15547,"date":"2023-04-26T21:51:25","date_gmt":"2023-04-27T00:51:25","guid":{"rendered":"http:\/\/dgospel.com.br\/portal\/?p=15547"},"modified":"2023-04-26T21:51:26","modified_gmt":"2023-04-27T00:51:26","slug":"fala-de-lula-sobre-israel-e-mais-um-vexame-diplomatico","status":"publish","type":"post","link":"https:\/\/dgospel.com.br\/portal\/index.php\/2023\/04\/26\/fala-de-lula-sobre-israel-e-mais-um-vexame-diplomatico\/","title":{"rendered":"Fala de Lula sobre Israel \u00e9 mais um vexame diplom\u00e1tico"},"content":{"rendered":"\n<p>Nesta quarta-feira (26), a StandWithUs Brasil e o Instituto Brasil-Israel, que atuam em prol do esclarecimento sobre o Estado de Israel e no combate ao antissemitismo, criticaram a declara\u00e7\u00e3o do presidente Lula (PT) sobre a cria\u00e7\u00e3o de Israel, durante visita \u00e0 Espanha. O chefe do Executivo brasileiro teve a infelicidade diplom\u00e1tica de fazer a descabida coloca\u00e7\u00e3o justamente no dia em que se comemora a Independ\u00eancia de Israel.<\/p>\n\n\n\n<p>Na ocasi\u00e3o, Lula criticou frontalmente a Organiza\u00e7\u00e3o das Na\u00e7\u00f5es Unidas (ONU), voltou a relativizar a responsabilidade acerca da guerra na Ucr\u00e2nia, mesmo ap\u00f3s ter condenado a \u201cviola\u00e7\u00e3o\u201d do territ\u00f3rio ucraniano. O petista disse que a ONU criou o Estado de Israel, mas n\u00e3o conseguiu criar o Estado palestino.<\/p>\n\n\n\n<p>\u2013 A ONU era t\u00e3o forte que, em 1948, conseguiu criar o Estado de Israel. Em 2023, n\u00e3o consegue criar o Estado palestino \u2013 declarou.<\/p>\n\n\n\n<p>O Instituto Brasil-Israel emitiu um comunicado lamentando \u201ca imprecis\u00e3o dos fatos descritos\u201d, que pode ocasionar uma \u201cincompreens\u00e3o sobre o conflito entre Israel e Palestina. \u00c9 um tema complexo e o caminho para a paz exige, tamb\u00e9m, profundo conhecimento da situa\u00e7\u00e3o\u201d.<\/p>\n\n\n\n<p><strong>LEIA NOTA DE ESCLARECIMENTO DA STANDWITHUS BRASIL<br><\/strong>Ao contr\u00e1rio do que disse o presidente da rep\u00fablica, Luiz In\u00e1cio Lula da Silva, Israel n\u00e3o foi criado pela Organiza\u00e7\u00e3o das Na\u00e7\u00f5es Unidas. Em 1947, o que a Partilha da ONU preconizou foi a cria\u00e7\u00e3o de dois pa\u00edses, um para judeus e outro para \u00e1rabes. Os judeus aceitaram, os \u00e1rabes, n\u00e3o. O Estado de Israel foi fundado depois de uma guerra empreendida pelos ex\u00e9rcitos do Egito, Jord\u00e2nia, S\u00edria, L\u00edbano e Iraque contra os judeus.<\/p>\n\n\n\n<p>Quanto a um Estado para Palestinos, tampouco a ONU ou outros organismos internacionais t\u00eam o papel de cri\u00e1-lo atualmente, a n\u00e3o ser que os pr\u00f3prios palestinos e israelenses venham a selar a paz de forma independente \u2013 o que, infelizmente torna-se dif\u00edcil, especialmente diante da divis\u00e3o entre as pr\u00f3prias principais lideran\u00e7as palestinas, entre o Fatah, partido do presidente Mahmoud Abbas, e o Hamas, grupo terrorista que controla ditatorialmente a Faixa de Gaza.<\/p>\n\n\n\n<p>Hoje Israel comemora Yom HaAtzmaut, o Dia da Independ\u00eancia de um pa\u00eds de apenas 75 anos, e \u00e9 vital preservar a mem\u00f3ria e os fatos, para que a hist\u00f3ria seja contada de forma justa.<\/p>\n\n\n\n<p><\/p>\n\n\n\n<p><strong><em>NOTA DE ESCLARECIMENTO DA STANDWITHUS BRASIL<\/em><\/strong><strong><em><br><br><\/em><\/strong><\/p>\n\n\n\n<p><em>Sobre a afirma\u00e7\u00e3o do presidente Lula referente \u00e0 cria\u00e7\u00e3o do Estado de Israel, proferida hoje em Madri.<\/em><em><br><br>S\u00e3o Paulo, dia 26 de abril de 2023,<br><br>Ao contr\u00e1rio do que disse o presidente da rep\u00fablica, Luiz In\u00e1cio Lula da Silva, Israel n\u00e3o foi criado pela Organiza\u00e7\u00e3o das Na\u00e7\u00f5es Unidas. Em 1947, o que a Partilha da ONU preconizou foi a cria\u00e7\u00e3o de dois pa\u00edses, um para judeus e outro para \u00e1rabes. Os judeus aceitaram, os \u00e1rabes, n\u00e3o. O Estado de Israel foi fundado depois de uma guerra empreendida pelos ex\u00e9rcitos do Egito, Jord\u00e2nia, S\u00edria, L\u00edbano e Iraque contra os judeus.<br><br>Quanto a um Estado para Palestinos, tampouco a ONU ou outros organismos internacionais t\u00eam o papel de cri\u00e1-lo atualmente, a n\u00e3o ser que os pr\u00f3prios palestinos e israelenses venham a selar a paz de forma independente \u2013 o que, infelizmente torna-se dif\u00edcil, especialmente diante da divis\u00e3o entre as pr\u00f3prias principais lideran\u00e7as palestinas, entre o Fatah, partido do presidente Mahmoud Abbas, e o Hamas, grupo terrorista que controla ditatorialmente a Faixa de Gaza.<br><br>Hoje Israel comemora Yom HaAtzmaut, o Dia da Independ\u00eancia de um pa\u00eds de apenas 75 anos, e \u00e9 vital preservar a mem\u00f3ria e os fatos, para que a hist\u00f3ria seja contada de forma justa.<\/em><\/p>\n","protected":false},"excerpt":{"rendered":"<p>Nesta quarta-feira (26), a StandWithUs Brasil e o Instituto Brasil-Israel, que atuam em prol do esclarecimento sobre o Estado de Israel e no combate ao antissemitismo, criticaram a declara\u00e7\u00e3o do presidente Lula (PT) sobre a cria\u00e7\u00e3o de Israel, durante visita \u00e0 Espanha. O chefe do Executivo brasileiro teve a infelicidade diplom\u00e1tica de fazer a descabida [&hellip;]<\/p>\n","protected":false},"author":2,"featured_media":15548,"comment_status":"open","ping_status":"open","sticky":false,"template":"","format":"standard","meta":[],"categories":[4],"tags":[],"_links":{"self":[{"href":"https:\/\/dgospel.com.br\/portal\/index.php\/wp-json\/wp\/v2\/posts\/15547"}],"collection":[{"href":"https:\/\/dgospel.com.br\/portal\/index.php\/wp-json\/wp\/v2\/posts"}],"about":[{"href":"https:\/\/dgospel.com.br\/portal\/index.php\/wp-json\/wp\/v2\/types\/post"}],"author":[{"embeddable":true,"href":"https:\/\/dgospel.com.br\/portal\/index.php\/wp-json\/wp\/v2\/users\/2"}],"replies":[{"embeddable":true,"href":"https:\/\/dgospel.com.br\/portal\/index.php\/wp-json\/wp\/v2\/comments?post=15547"}],"version-history":[{"count":1,"href":"https:\/\/dgospel.com.br\/portal\/index.php\/wp-json\/wp\/v2\/posts\/15547\/revisions"}],"predecessor-version":[{"id":15549,"href":"https:\/\/dgospel.com.br\/portal\/index.php\/wp-json\/wp\/v2\/posts\/15547\/revisions\/15549"}],"wp:featuredmedia":[{"embeddable":true,"href":"https:\/\/dgospel.com.br\/portal\/index.php\/wp-json\/wp\/v2\/media\/15548"}],"wp:attachment":[{"href":"https:\/\/dgospel.com.br\/portal\/index.php\/wp-json\/wp\/v2\/media?parent=15547"}],"wp:term":[{"taxonomy":"category","embeddable":true,"href":"https:\/\/dgospel.com.br\/portal\/index.php\/wp-json\/wp\/v2\/categories?post=15547"},{"taxonomy":"post_tag","embeddable":true,"href":"https:\/\/dgospel.com.br\/portal\/index.php\/wp-json\/wp\/v2\/tags?post=15547"}],"curies":[{"name":"wp","href":"https:\/\/api.w.org\/{rel}","templated":true}]}}