{"id":15550,"date":"2023-04-27T09:02:10","date_gmt":"2023-04-27T12:02:10","guid":{"rendered":"http:\/\/dgospel.com.br\/portal\/?p=15550"},"modified":"2023-04-27T09:02:11","modified_gmt":"2023-04-27T12:02:11","slug":"wanderlei-barbosa-se-reune-com-secretariado-e-alinha-metas-e-diretrizes-da-ldo-2023","status":"publish","type":"post","link":"https:\/\/dgospel.com.br\/portal\/index.php\/2023\/04\/27\/wanderlei-barbosa-se-reune-com-secretariado-e-alinha-metas-e-diretrizes-da-ldo-2023\/","title":{"rendered":"Wanderlei Barbosa se re\u00fane com secretariado e alinha metas e diretrizes\u00a0da\u00a0LDO\u00a02023"},"content":{"rendered":"\n<p>O governador Wanderlei Barbosa reuniu-se com o secretariado estadual e presidentes de autarquias para apresentar o plano or\u00e7ament\u00e1rio de sua gest\u00e3o por meio do Conselho de Governan\u00e7a P\u00fablica (CGov). Durante a reuni\u00e3o realizada na manh\u00e3 desta quarta-feira, 26, na Sala de Reuni\u00f5es do Pal\u00e1cio Araguaia, foram apresentados o trabalho desenvolvido pelo CGov; os instrumentos de planejamento e as metas priorit\u00e1rias dos \u00f3rg\u00e3os e das entidades da administra\u00e7\u00e3o direta e indireta; os impactos das poss\u00edveis implementa\u00e7\u00f5es na folha de pagamento em 2023 e, por fim, foram feitos encaminhamentos em rela\u00e7\u00e3o \u00e0 elabora\u00e7\u00e3o da Matriz de Plano de A\u00e7\u00e3o da Lei de Diretrizes Or\u00e7ament\u00e1rias (LDO 2023).<\/p>\n\n\n\n<p>Na abertura da reuni\u00e3o, o governador Wanderlei Barbosa destacou a import\u00e2ncia da comunica\u00e7\u00e3o entre as pastas e o CGov, institu\u00eddo para garantir fluidez e uma boa governabilidade aos aparelhos p\u00fablicos. \u201cN\u00f3s temos que estar cada vez mais pr\u00f3ximos, sabendo o que cada secretaria vem fazendo pelo nosso Estado. N\u00f3s temos tido bons resultados, mas n\u00f3s podemos melhorar ainda mais. Vamos monitorar e deixar essa via de comunica\u00e7\u00e3o aberta para que todo o secretariado possa acessar e informar suas necessidades\u201d, assegurou.<\/p>\n\n\n\n<p>O chefe da Casa Civil e coordenador do CGov, Deocleciano Gomes Filho, demonstrou como funciona o trabalho desenvolvido pelo Conselho e quais as expectativas do Governador. \u201cWanderlei Barbosa sinalizou, com sua equipe e com os \u00f3rg\u00e3os de controle, que a gest\u00e3o p\u00fablica do Tocantins agora tem esse par\u00e2metro da boa pr\u00e1tica da governan\u00e7a e isso faz com que a gente tenha um olhar mais atento para a quest\u00e3o da transpar\u00eancia, do monitoramento e do andar dos processos da gest\u00e3o\u201d, pontuou.<\/p>\n\n\n\n<p>Deocleciano Gomes refor\u00e7ou que o CGov auxilia as pastas a acompanhar o ritmo \u00e1gil do Governador. \u201cH\u00e1 uma demanda social muito grande, portanto \u00e9 importante que a equipe seja \u00e1gil tamb\u00e9m. Para al\u00e9m da agilidade, \u00e9 importante que a equipe esteja atenta ao devido processo legal, \u00e0 juridicidade do processo, \u00e0 quest\u00e3o da economicidade e da transpar\u00eancia\u201d, listou. \u201cSer \u00e1gil, mas sem perder de vista o aspecto jur\u00eddico e equil\u00edbrio fiscal\u201d, completou.<\/p>\n\n\n\n<p>O equil\u00edbrio fiscal do Estado do Tocantins, inclusive, foi exaltado pelo secret\u00e1rio de Estado do Planejamento e Or\u00e7amento, Sergislei Silva de Moura. O gestor, que tamb\u00e9m tem cadeira no Conselho de Governan\u00e7a P\u00fablica, reafirmou a import\u00e2ncia do planejamento. \u201cO maior planejamento desse Estado chama-se equil\u00edbrio fiscal&nbsp;e \u00e9 o que conseguimos alcan\u00e7ar, diferente de muitos outros estados\u201d, comparou. \u201cMais dif\u00edcil do que alcan\u00e7ar o equil\u00edbrio, \u00e9 manter o equil\u00edbrio. E \u00e9 isso que estamos fazendo agora, com o Tocantins que est\u00e1 equilibrado e pagando todas as suas contas\u201d, complementou.<\/p>\n\n\n\n<p>O Conselho de Governan\u00e7a P\u00fablica \u00e9 formado pelo secret\u00e1rio-chefe da Casa Civil; secret\u00e1rio-chefe da Controladoria-Geral do Estado; procurador-geral do Estado; secret\u00e1rios de Estado da Fazenda; do Planejamento e Or\u00e7amento; da Administra\u00e7\u00e3o; reitor da Universidade Estadual do Tocantins; e presidente da Ag\u00eancia de Tecnologia da Informa\u00e7\u00e3o&nbsp;(ATI).<\/p>\n\n\n\n<p><img src=\"https:\/\/central.to.gov.br\/image\/327109?w=670&amp;h=383\"><\/p>\n\n\n\n<p>O chefe da Casa Civil e coordenador do CGov, Deocleciano Gomes Filho, explicou para os secret\u00e1rios como funciona o trabalho desenvolvido pelo Conselho e quais as expectativas do governador &#8211; Ant\u00f4nio Gon\u00e7alves\/Governo do Tocantins\u00a0<\/p>\n\n\n\n<p><img src=\"https:\/\/central.to.gov.br\/image\/327110?w=670&amp;h=383\"><\/p>\n\n\n\n<p>O Secret\u00e1rio do Planejamento e Or\u00e7amento, Sergislei Silva de Moura, exaltou o equil\u00edbrio fiscal do Estado do Tocantins &#8211; Ant\u00f4nio Gon\u00e7alves\/Governo do Tocantins\u00a0<\/p>\n\n\n\n<p><img src=\"https:\/\/central.to.gov.br\/image\/327111?w=670&amp;h=383\"><\/p>\n\n\n\n<p>O CGov \u00e9 formado pelo secret\u00e1rio-Chefe da Casa Civil; secret\u00e1rio-Chefe da Controladoria-Geral do Estado; procurador-Geral do Estado; secret\u00e1rios de Estado da Fazenda; do Planejamento e Or\u00e7amento; da Administra\u00e7\u00e3o; reitor da Unitins e presidente da ATI &#8211; Ant\u00f4nio Gon\u00e7alves\/Governo do Tocantins<\/p>\n","protected":false},"excerpt":{"rendered":"<p>O governador Wanderlei Barbosa reuniu-se com o secretariado estadual e presidentes de autarquias para apresentar o plano or\u00e7ament\u00e1rio de sua gest\u00e3o por meio do Conselho de Governan\u00e7a P\u00fablica (CGov). Durante a reuni\u00e3o realizada na manh\u00e3 desta quarta-feira, 26, na Sala de Reuni\u00f5es do Pal\u00e1cio Araguaia, foram apresentados o trabalho desenvolvido pelo CGov; os instrumentos de [&hellip;]<\/p>\n","protected":false},"author":2,"featured_media":15551,"comment_status":"open","ping_status":"open","sticky":false,"template":"","format":"standard","meta":[],"categories":[3],"tags":[13],"_links":{"self":[{"href":"https:\/\/dgospel.com.br\/portal\/index.php\/wp-json\/wp\/v2\/posts\/15550"}],"collection":[{"href":"https:\/\/dgospel.com.br\/portal\/index.php\/wp-json\/wp\/v2\/posts"}],"about":[{"href":"https:\/\/dgospel.com.br\/portal\/index.php\/wp-json\/wp\/v2\/types\/post"}],"author":[{"embeddable":true,"href":"https:\/\/dgospel.com.br\/portal\/index.php\/wp-json\/wp\/v2\/users\/2"}],"replies":[{"embeddable":true,"href":"https:\/\/dgospel.com.br\/portal\/index.php\/wp-json\/wp\/v2\/comments?post=15550"}],"version-history":[{"count":1,"href":"https:\/\/dgospel.com.br\/portal\/index.php\/wp-json\/wp\/v2\/posts\/15550\/revisions"}],"predecessor-version":[{"id":15552,"href":"https:\/\/dgospel.com.br\/portal\/index.php\/wp-json\/wp\/v2\/posts\/15550\/revisions\/15552"}],"wp:featuredmedia":[{"embeddable":true,"href":"https:\/\/dgospel.com.br\/portal\/index.php\/wp-json\/wp\/v2\/media\/15551"}],"wp:attachment":[{"href":"https:\/\/dgospel.com.br\/portal\/index.php\/wp-json\/wp\/v2\/media?parent=15550"}],"wp:term":[{"taxonomy":"category","embeddable":true,"href":"https:\/\/dgospel.com.br\/portal\/index.php\/wp-json\/wp\/v2\/categories?post=15550"},{"taxonomy":"post_tag","embeddable":true,"href":"https:\/\/dgospel.com.br\/portal\/index.php\/wp-json\/wp\/v2\/tags?post=15550"}],"curies":[{"name":"wp","href":"https:\/\/api.w.org\/{rel}","templated":true}]}}