{"id":15556,"date":"2023-04-28T16:21:44","date_gmt":"2023-04-28T19:21:44","guid":{"rendered":"http:\/\/dgospel.com.br\/portal\/?p=15556"},"modified":"2023-04-28T16:21:46","modified_gmt":"2023-04-28T19:21:46","slug":"convidados-internacionais-e-cantores-e-missionarios-participam-do-culto-de-45-anos-da-portas-abertas","status":"publish","type":"post","link":"https:\/\/dgospel.com.br\/portal\/index.php\/2023\/04\/28\/convidados-internacionais-e-cantores-e-missionarios-participam-do-culto-de-45-anos-da-portas-abertas\/","title":{"rendered":"Convidados internacionais e cantores e mission\u00e1rios participam do culto de 45 anos da Portas Abertas"},"content":{"rendered":"\n<p>A data do&nbsp;culto de anivers\u00e1rio de 45 anos da Portas Abertas&nbsp;est\u00e1 se aproximando. No&nbsp;dia 6 de maio,&nbsp;teremos a alegria de receber um dos fundadores da Portas Abertas, Johan Companjen, e Timothy Cho, um crist\u00e3o nativo do pa\u00eds mais perigoso para os crist\u00e3os em 2023, a&nbsp;Coreia do Norte.&nbsp;&nbsp;&nbsp;<\/p>\n\n\n\n<p>Os preparativos j\u00e1 come\u00e7aram com a confirma\u00e7\u00e3o dos cantores Luciano Claw e Jeremias Lyu, e o an\u00fancio do lan\u00e7amento de um novo livro do Irm\u00e3o Andr\u00e9. Todo esse movimento tem um prop\u00f3sito: glorificar e engrandecer o bondoso Deus que tem sustentado o trabalho da Portas Abertas em apoio \u00e0 Igreja Perseguida por meio da vida de nossos parceiros leais e generosos.&nbsp;&nbsp;<\/p>\n\n\n\n<p>Para Marco Cruz, secret\u00e1rio-geral da Portas Abertas no Brasil, este ser\u00e1 um momento muito especial de tamb\u00e9m relembrar os fundadores da Portas Abertas, o Irm\u00e3o Andr\u00e9 e a Irm\u00e3 Elmira. \u201cOs dois partiram para Jesus no mesmo ano, em 2022, e pensar no legado, exemplo de for\u00e7a e coragem e todos os ensinamentos que nos deixaram nos d\u00e1 o senso de responsabilidade, continuidade e nos emociona muito\u201d.<\/p>\n\n\n\n<p><strong>Funda\u00e7\u00e3o<\/strong><\/p>\n\n\n\n<p>Ao falar da funda\u00e7\u00e3o da Portas Abertas, o primeiro homem em quem pensamos \u00e9 o conhecido&nbsp;Irm\u00e3o Andr\u00e9. De fato, tudo come\u00e7ou com as viagens do&nbsp;<a href=\"https:\/\/mpa.z3logistica.com.br\/loja\/produto\/o-contrabandista-de-deus-a-missao-que-mudou-o-mundo-9662\">Contrabandista de Deus<\/a>&nbsp;levando B\u00edblias para o Leste Europeu para detr\u00e1s da Cortina de Ferro.&nbsp;&nbsp;<\/p>\n\n\n\n<p>Mas a organiza\u00e7\u00e3o da Portas Abertas n\u00e3o foi trabalho exclusivo do Irm\u00e3o Andr\u00e9. Ele recebeu o apoio de outros tr\u00eas irm\u00e3os em Cristo para defender a causa da Igreja Perseguida de maneira organizada e internacional. Johan Companjen foi um desses homens.&nbsp;&nbsp;<\/p>\n\n\n\n<p>Johan nasceu na Holanda, fez parte da escolha dos&nbsp;valores centrais da miss\u00e3o&nbsp;e ocupou o cargo de presidente da Portas Abertas Internacional at\u00e9 2011, quando se aposentou com 65 anos. Ele e a esposa fizeram muitas viagens pelo mundo representando a causa da Igreja Perseguida.&nbsp;&nbsp;<\/p>\n\n\n\n<p>Ele tamb\u00e9m teve o privil\u00e9gio de caminhar ao lado do Irm\u00e3o Andr\u00e9, inclusive em muitas viagens mission\u00e1rias, e agora representa o legado iniciado pelo Irm\u00e3o Andr\u00e9 e que somos desafiados a manter ainda hoje. Participe do culto de 45 anos para saber mais.&nbsp;&nbsp;&nbsp;<\/p>\n\n\n\n<p><strong>Timothy Cho&nbsp;&nbsp;<\/strong><\/p>\n\n\n\n<p><a href=\"https:\/\/portasabertas.org.br\/noticias\/cristaos-perseguidos\/como-sao-os-campos-de-trabalho-forcado-na-coreia-do-norte\">Timothy Cho<\/a>&nbsp;foi abandonado pelos pais durante a Marcha \u00c1rdua, a pior fome na&nbsp;Coreia do Norte&nbsp;na d\u00e9cada de 1990. Ao ser deixado para tr\u00e1s, al\u00e9m de gerar o sentimento de abandono, tornou Timothy o \u201cfilho de traidores\u201d. Isso impediu que ele frequentasse a escola e o obrigou a morar na rua. Aos 17 anos, o norte-coreano fugiu para a&nbsp;China&nbsp;pela primeira vez, mas foi pego e deportado para a Coreia do Norte.&nbsp;<\/p>\n\n\n\n<p>Ap\u00f3s seu retorno, ele foi preso e torturado e ainda carrega cicatrizes desse momento. Sobre sua experi\u00eancia, ele declara: \u201cO que eu lembro de viver na Coreia do Norte totalit\u00e1ria \u00e9 que eu n\u00e3o sabia quem eu era, que escolha eu tinha. Descobri a obra de Deus quando me ajoelhei diante dele para pedir por minha sobreviv\u00eancia e liberdade nas celas da pris\u00e3o. Aprendi que esses sofrimentos n\u00e3o destroem a f\u00e9, mas a refinam\u201d.&nbsp;<\/p>\n\n\n\n<p>Entre idas e vindas entre China e Coreia do Norte, Timothy foi preso cinco vezes at\u00e9 que, anos depois, conseguiu fugir para o Reino Unido, onde vive at\u00e9 hoje. Em seguran\u00e7a, Timothy conseguiu estudar e se tornou um mestre de Rela\u00e7\u00f5es Internacionais. A liberdade permite que ele adore a Deus e mova os olhos do mundo para as&nbsp;<a href=\"https:\/\/portasabertas.org.br\/noticias\/cristaos-perseguidos\/os-paises-mais-perigosos-para-os-cristaos-coreia-do-norte\">viola\u00e7\u00f5es dos direitos humanos dos crist\u00e3os perseguidos na Coreia do Norte<\/a>.<\/p>\n\n\n\n<p>Conhe\u00e7a-o pessoalmente no culto de 45 anos da Portas Abertas Brasil.&nbsp;&nbsp;<\/p>\n\n\n\n<p><strong>Jeremias Luy e Luciano Claw no louvor<\/strong><\/p>\n\n\n\n<p>Dois convidados nos ajudar\u00e3o a entoar louvores de gratid\u00e3o e adora\u00e7\u00e3o a Deus. Um deles \u00e9 o cantor Luciano Claw que junto com sua banda trabalha h\u00e1 alguns anos como cantor e produtor musical. Luciano cresceu em um lar evang\u00e9lico e esteve envolvido com a m\u00fasica e o reino de Deus desde muito jovem.<br><br>Em uma conversa recente com a Portas Abertas, ele compartilhou que uma das suas grandes influ\u00eancias musicais \u00e9 o cantor Paulo C\u00e9sar Baruk e da import\u00e2ncia de continuar o legado de cuidar da Igreja Perseguida, particularmente porque essa ser\u00e1 a primeira celebra\u00e7\u00e3o sem os nossos dois fundadores,&nbsp;<a href=\"https:\/\/portasabertas.org.br\/noticias\/cristaos-perseguidos\/a-mulher-que-fundou-a-portas-abertas-no-brasil\">irm\u00e3 Elmira<\/a>&nbsp;e&nbsp;<a href=\"https:\/\/portasabertas.org.br\/noticias\/cristaos-perseguidos\/45-anos-seguindo-o-legado-do-irmao-andre\">Irm\u00e3o Andr\u00e9,&nbsp;<\/a>que partiram para a gl\u00f3ria no ano passado.&nbsp;&nbsp;<\/p>\n\n\n\n<p>Luciano nos fez lembrar da transi\u00e7\u00e3o entre Mois\u00e9s e Josu\u00e9 e como Deus cuidou de cada detalhe. O culto de 45 anos ser\u00e1 uma oportunidade de refor\u00e7ar a for\u00e7a e a coragem necess\u00e1rias para continuar o trabalho urgente de assistir crist\u00e3os perseguidos.<\/p>\n\n\n\n<p><strong>Sul e norte-coreanos se encontram<\/strong><\/p>\n\n\n\n<p>Vindo do outro lado do mundo, o cantor&nbsp;<a href=\"https:\/\/www.instagram.com\/jeremias_lyu\/\">Jeremias Lyu<\/a>&nbsp;compartilha da mesma f\u00e9 e expectativas de Luciano. Jeremias nasceu na Coreia do Sul, em um lar mission\u00e1rio que veio para o Brasil quando ele tinha sete anos.<\/p>\n\n\n\n<p>Ele n\u00e3o ser\u00e1 o \u00fanico crist\u00e3o coreano que receberemos nessa noite. Em uma oportunidade rara, poderemos ver um crist\u00e3o sul-coreano e&nbsp;<a href=\"https:\/\/www.instagram.com\/reel\/CrGaNX5Marp\/?utm_source=ig_web_copy_link\">um crist\u00e3o norte-coreano,&nbsp;<\/a>que foi perseguido durante anos juntos, em adora\u00e7\u00e3o e unidade.&nbsp;&nbsp;<\/p>\n\n\n\n<p>O contato do cantor com a Portas Abertas \u00e9 recente e come\u00e7ou ao compartilhar a campanha de&nbsp;ajuda emergencial \u00e0s v\u00edtimas dos terremotos na S\u00edria e Turquia. Ao perguntarmos qual era a expectativa do jovem cantor para o culto de 45 anos essa foi a resposta:&nbsp;&nbsp;<\/p>\n\n\n\n<p>\u201cAo conhecer a equipe mais de perto, entendo o que Deus realmente fez ao longo desses 45 anos e que o culto de celebra\u00e7\u00e3o ser\u00e1 apenas um reflexo, uma forma de lembrar o que o Senhor tem feito e ainda far\u00e1 em mais 45, 180 anos.&nbsp;&nbsp;A Portas Abertas me despertou e me fez lembrar do chamado mission\u00e1rio de Deus para mim, que come\u00e7ou com a minha fam\u00edlia, mas em uma miss\u00e3o local, e hoje tenho o olhar global com a Igreja Perseguida\u201d.&nbsp;&nbsp;<\/p>\n\n\n\n<p><strong>&nbsp;<\/strong><a href=\"https:\/\/missao.portasabertas.org.br\/45-anos\">Assista \u00e0 transmiss\u00e3o ao vivo do culto de 45 anos da Portas Abertas<\/a><strong>&nbsp;&nbsp;<\/strong><\/p>\n\n\n\n<p>Caso voc\u00ea n\u00e3o possa participar presencialmente do&nbsp;culto de gratid\u00e3o em S\u00e3o Paulo,&nbsp;<a href=\"https:\/\/missao.portasabertas.org.br\/45-anos\">inscreva-se<\/a>&nbsp;e receba o link da transmiss\u00e3o ao vivo do culto no dia 6 de maio. Dessa forma, independentemente do lugar, voc\u00ea far\u00e1 parte desse momento hist\u00f3rico!&nbsp;<\/p>\n\n\n\n<p><strong><u>Servi\u00e7o&nbsp;<br><\/u>Culto de gratid\u00e3o 45 anos da Portas Abertas Brasil<\/strong>&nbsp;<\/p>\n\n\n\n<p><strong>Data:<\/strong>&nbsp;6 de maio&nbsp;&nbsp;&nbsp;<\/p>\n\n\n\n<p><strong>Hor\u00e1rio<\/strong>: 19h&nbsp;&nbsp;&nbsp;<\/p>\n\n\n\n<p><strong>Local<\/strong>: Igreja Batista Boas Novas&nbsp;&nbsp;&nbsp;<\/p>\n\n\n\n<p><strong>Endere\u00e7o<\/strong>: Rua Marechal Malet, 611 \u2013 Parque da Vila Prudente \u2013 S\u00e3o Paulo\/SP&nbsp;<\/p>\n\n\n\n<p><strong>ENTRADA FRANCA | TRANSMISS\u00c3O AO VIVO<\/strong><\/p>\n","protected":false},"excerpt":{"rendered":"<p>A data do&nbsp;culto de anivers\u00e1rio de 45 anos da Portas Abertas&nbsp;est\u00e1 se aproximando. No&nbsp;dia 6 de maio,&nbsp;teremos a alegria de receber um dos fundadores da Portas Abertas, Johan Companjen, e Timothy Cho, um crist\u00e3o nativo do pa\u00eds mais perigoso para os crist\u00e3os em 2023, a&nbsp;Coreia do Norte.&nbsp;&nbsp;&nbsp; Os preparativos j\u00e1 come\u00e7aram com a confirma\u00e7\u00e3o dos [&hellip;]<\/p>\n","protected":false},"author":2,"featured_media":15557,"comment_status":"open","ping_status":"open","sticky":false,"template":"","format":"standard","meta":[],"categories":[5],"tags":[],"_links":{"self":[{"href":"https:\/\/dgospel.com.br\/portal\/index.php\/wp-json\/wp\/v2\/posts\/15556"}],"collection":[{"href":"https:\/\/dgospel.com.br\/portal\/index.php\/wp-json\/wp\/v2\/posts"}],"about":[{"href":"https:\/\/dgospel.com.br\/portal\/index.php\/wp-json\/wp\/v2\/types\/post"}],"author":[{"embeddable":true,"href":"https:\/\/dgospel.com.br\/portal\/index.php\/wp-json\/wp\/v2\/users\/2"}],"replies":[{"embeddable":true,"href":"https:\/\/dgospel.com.br\/portal\/index.php\/wp-json\/wp\/v2\/comments?post=15556"}],"version-history":[{"count":1,"href":"https:\/\/dgospel.com.br\/portal\/index.php\/wp-json\/wp\/v2\/posts\/15556\/revisions"}],"predecessor-version":[{"id":15558,"href":"https:\/\/dgospel.com.br\/portal\/index.php\/wp-json\/wp\/v2\/posts\/15556\/revisions\/15558"}],"wp:featuredmedia":[{"embeddable":true,"href":"https:\/\/dgospel.com.br\/portal\/index.php\/wp-json\/wp\/v2\/media\/15557"}],"wp:attachment":[{"href":"https:\/\/dgospel.com.br\/portal\/index.php\/wp-json\/wp\/v2\/media?parent=15556"}],"wp:term":[{"taxonomy":"category","embeddable":true,"href":"https:\/\/dgospel.com.br\/portal\/index.php\/wp-json\/wp\/v2\/categories?post=15556"},{"taxonomy":"post_tag","embeddable":true,"href":"https:\/\/dgospel.com.br\/portal\/index.php\/wp-json\/wp\/v2\/tags?post=15556"}],"curies":[{"name":"wp","href":"https:\/\/api.w.org\/{rel}","templated":true}]}}