{"id":1556,"date":"2018-10-09T15:41:01","date_gmt":"2018-10-09T18:41:01","guid":{"rendered":"http:\/\/dgospel.com.br\/portal\/?p=1556"},"modified":"2018-10-09T15:41:01","modified_gmt":"2018-10-09T18:41:01","slug":"estado-tem-adesao-recorde-de-unidades-prisionais-para-realizacao-do-enem-ppl-2018","status":"publish","type":"post","link":"https:\/\/dgospel.com.br\/portal\/index.php\/2018\/10\/09\/estado-tem-adesao-recorde-de-unidades-prisionais-para-realizacao-do-enem-ppl-2018\/","title":{"rendered":"Estado tem ades\u00e3o recorde de unidades prisionais para realiza\u00e7\u00e3o do Enem PPL 2018"},"content":{"rendered":"<p class=\"yiv6064324808MsoNormal\">Neste ano, a Secretaria de Estado da Cidadania e Justi\u00e7a (Seciju), por meio da Diretoria de Pol\u00edticas para o Sistema Prisional, refor\u00e7ou a mobiliza\u00e7\u00e3o nas unidades prisionais para ampliar o n\u00famero de detentos inscritos no Exame Nacional do Ensino M\u00e9dio para Pessoas Privadas de Liberdade (Enem PPL 2018). Das 41 unidades prisionais mantidas no Estado, 40 aderiram ao Enem PPL 2018, totalizando 395 inscritos. No ano passado, foram 29 ades\u00f5es de unidades penais e 266 inscritos.<\/p>\n<p class=\"yiv6064324808MsoNormal\">Para o Governo do Tocantins, a educa\u00e7\u00e3o prisional \u00e9 uma das garantias de ressocializa\u00e7\u00e3o ofertadas \u00e0s pessoas privadas de liberdade. Os esfor\u00e7os em avan\u00e7ar nesta \u00e1rea s\u00e3o comprovados atrav\u00e9s de n\u00fameros. Em 2017, 266 detentos, de 70% das unidades prisionais do Tocantins realizaram as provas do Enem PPL. Em 2018, a ades\u00e3o subiu para 97,5% das unidades prisionais, com mais 129 inscritos em rela\u00e7\u00e3o a 2017.<\/p>\n<p class=\"yiv6064324808MsoNormal\">O exame, nesse formato, garante ao participante a possibilidade de avalia\u00e7\u00e3o do desempenho ao final do Ensino M\u00e9dio, possibilidade de continuidade da forma\u00e7\u00e3o e inser\u00e7\u00e3o no mercado de trabalho, al\u00e9m de utilizar o resultado no Enem para ingresso no Ensino Superior, como mecanismo \u00fanico, alternativo ou complementar.<\/p>\n<p class=\"yiv6064324808MsoNormal\">As inscri\u00e7\u00f5es dos detentos foram realizadas entre os dias 24 de setembro e 05 de outubro. Um dos crit\u00e9rios para inscri\u00e7\u00e3o do candidato \u00e9 que se tenha o Ensino Fundamental completo, podendo estar ou n\u00e3o cursando o Ensino M\u00e9dio e tamb\u00e9m possua o Cadastro de Pessoas F\u00edsicas (CPF).<\/p>\n<p class=\"yiv6064324808MsoNormal\">As provas, que s\u00e3o elaboradas pelo Instituto Nacional de Estudos e Pesquisas Educacionais An\u00edsio Teixeira (Inep), ser\u00e3o aplicadas nas tardes dos dias 11 e 12 de dezembro dentro das pr\u00f3prias unidades prisionais. Para Leandro Bezerra de Souza, analista em Defesa Social e coordenador da Pol\u00edtica de Educa\u00e7\u00e3o no Sistema Prisional, o exame avalia os trabalhos voltados para a escolariza\u00e7\u00e3o dos participantes tanto intramuros como extramuros. \u201cAl\u00e9m da possibilidade de avalia\u00e7\u00e3o e da continuidade da forma\u00e7\u00e3o, o exame \u00e9 mais uma a\u00e7\u00e3o do poder p\u00fablico que busca, atrav\u00e9s de uma pol\u00edtica espec\u00edfica para pessoas privadas de liberdade, contribuir com a fun\u00e7\u00e3o social da pena\u201d, explica.<\/p>\n<p class=\"yiv6064324808MsoNormal\"><b>Enem PPL<\/b><\/p>\n<p class=\"yiv6064324808MsoNormal\">O Enem PPL tem como finalidade principal a Avalia\u00e7\u00e3o do Desempenho Escolar e Acad\u00eamico ao fim do Ensino M\u00e9dio. O exame ser\u00e1 constitu\u00eddo de uma reda\u00e7\u00e3o em l\u00edngua portuguesa e de quatro provas objetivas, contendo cada uma 45 quest\u00f5es de m\u00faltipla escolha.\u00a0 No primeiro dia de aplica\u00e7\u00e3o do exame ser\u00e3o realizadas as provas de Linguagens, C\u00f3digos e suas Tecnologias, Reda\u00e7\u00e3o e Ci\u00eancias Humanas e suas Tecnologias. No segundo dia de aplica\u00e7\u00e3o ser\u00e3o realizadas as provas de Ci\u00eancias da Natureza e suas Tecnologias e Matem\u00e1tica e suas Tecnologias.<\/p>\n<p class=\"yiv6064324808MsoNormal\">Os resultados do Enem 2018 PPL dever\u00e3o ainda possibilitar utiliza\u00e7\u00e3o dos resultados individuais como mecanismo para continuidade de sua forma\u00e7\u00e3o e a sua inser\u00e7\u00e3o no mercado de trabalho, a cria\u00e7\u00e3o de refer\u00eancia nacional para o aperfei\u00e7oamento dos curr\u00edculos do ensino m\u00e9dio e para acesso \u00e0 educa\u00e7\u00e3o superior.<a rel=\"nofollow\" name=\"_GoBack\"><\/a><\/p>\n","protected":false},"excerpt":{"rendered":"<p>Neste ano, a Secretaria de Estado da Cidadania e Justi\u00e7a (Seciju), por meio da Diretoria de Pol\u00edticas para o Sistema Prisional, refor\u00e7ou a mobiliza\u00e7\u00e3o nas unidades prisionais para ampliar o n\u00famero de detentos inscritos no Exame Nacional do Ensino M\u00e9dio para Pessoas Privadas de Liberdade (Enem PPL 2018). Das 41 unidades prisionais mantidas no Estado, [&hellip;]<\/p>\n","protected":false},"author":2,"featured_media":1557,"comment_status":"open","ping_status":"open","sticky":false,"template":"","format":"standard","meta":[],"categories":[2,3],"tags":[],"_links":{"self":[{"href":"https:\/\/dgospel.com.br\/portal\/index.php\/wp-json\/wp\/v2\/posts\/1556"}],"collection":[{"href":"https:\/\/dgospel.com.br\/portal\/index.php\/wp-json\/wp\/v2\/posts"}],"about":[{"href":"https:\/\/dgospel.com.br\/portal\/index.php\/wp-json\/wp\/v2\/types\/post"}],"author":[{"embeddable":true,"href":"https:\/\/dgospel.com.br\/portal\/index.php\/wp-json\/wp\/v2\/users\/2"}],"replies":[{"embeddable":true,"href":"https:\/\/dgospel.com.br\/portal\/index.php\/wp-json\/wp\/v2\/comments?post=1556"}],"version-history":[{"count":1,"href":"https:\/\/dgospel.com.br\/portal\/index.php\/wp-json\/wp\/v2\/posts\/1556\/revisions"}],"predecessor-version":[{"id":1558,"href":"https:\/\/dgospel.com.br\/portal\/index.php\/wp-json\/wp\/v2\/posts\/1556\/revisions\/1558"}],"wp:featuredmedia":[{"embeddable":true,"href":"https:\/\/dgospel.com.br\/portal\/index.php\/wp-json\/wp\/v2\/media\/1557"}],"wp:attachment":[{"href":"https:\/\/dgospel.com.br\/portal\/index.php\/wp-json\/wp\/v2\/media?parent=1556"}],"wp:term":[{"taxonomy":"category","embeddable":true,"href":"https:\/\/dgospel.com.br\/portal\/index.php\/wp-json\/wp\/v2\/categories?post=1556"},{"taxonomy":"post_tag","embeddable":true,"href":"https:\/\/dgospel.com.br\/portal\/index.php\/wp-json\/wp\/v2\/tags?post=1556"}],"curies":[{"name":"wp","href":"https:\/\/api.w.org\/{rel}","templated":true}]}}